{"id":32735,"date":"2024-08-27T14:46:21","date_gmt":"2024-08-27T17:46:21","guid":{"rendered":"https:\/\/bibliotecavigil.org.ar\/inicio\/?p=32735"},"modified":"2024-08-27T17:51:58","modified_gmt":"2024-08-27T20:51:58","slug":"32735-2","status":"publish","type":"post","link":"https:\/\/bibliotecavigil.org.ar\/inicio\/32735-2\/","title":{"rendered":"De Hitler a Milei. Curiosidades de-mentes criminales"},"content":{"rendered":"\n<p>Presentaci\u00f3n del nuevo libro del Dr. Carlos Rozanski, recientemente editado por Editorial CICCUS.<\/p>\n\n\n\n<p>Un encuentro para reflexionar sobre de las diversas formas en que la democracia viene siendo atacada en la presente coyuntura, advirtiendo sobre los peligros impl\u00edcitos en los discursos y actos negacionistas y violentos, y los desaf\u00edos que plantean para los sectores comprometidos con la vida democr\u00e1tica.<\/p>\n\n\n\n<p>El Mi\u00e9rcoles 28-8 a las 18:30 hs. en la sala Orlando Belloni (Gaboto 450)<\/p>\n\n\n\n<p>Con la participaci\u00f3n de la Dra. Betina Calvi y el Dr. Ra\u00fal Eugenio Zaffaroni (online).<\/p>\n\n\n\n<p><\/p>\n\n\n\n<p><\/p>\n\n\n\n<p><\/p>\n\n\n\n<figure class=\"wp-block-image size-large\"><a href=\"https:\/\/bibliotecavigil.org.ar\/inicio\/wp-content\/uploads\/2024\/08\/Charla-libro-Rozanski-1.jpg\"><img decoding=\"async\" width=\"1024\" height=\"1024\" data-src=\"https:\/\/bibliotecavigil.org.ar\/inicio\/wp-content\/uploads\/2024\/08\/Charla-libro-Rozanski-1-1024x1024.jpg\" alt=\"\" class=\"wp-image-32742 lazyload\" data-srcset=\"https:\/\/bibliotecavigil.org.ar\/inicio\/wp-content\/uploads\/2024\/08\/Charla-libro-Rozanski-1-1024x1024.jpg 1024w, https:\/\/bibliotecavigil.org.ar\/inicio\/wp-content\/uploads\/2024\/08\/Charla-libro-Rozanski-1-980x980.jpg 980w, https:\/\/bibliotecavigil.org.ar\/inicio\/wp-content\/uploads\/2024\/08\/Charla-libro-Rozanski-1-480x480.jpg 480w\" data-sizes=\"(min-width: 0px) and (max-width: 480px) 480px, (min-width: 481px) and (max-width: 980px) 980px, (min-width: 981px) 1024px, 100vw\" src=\"data:image\/svg+xml;base64,PHN2ZyB3aWR0aD0iMSIgaGVpZ2h0PSIxIiB4bWxucz0iaHR0cDovL3d3dy53My5vcmcvMjAwMC9zdmciPjwvc3ZnPg==\" style=\"--smush-placeholder-width: 1024px; --smush-placeholder-aspect-ratio: 1024\/1024;\" \/><\/a><\/figure>\n","protected":false},"excerpt":{"rendered":"<p>Presentaci\u00f3n del nuevo libro del Dr. Carlos Rozanski, recientemente editado por Editorial CICCUS. Un encuentro para reflexionar sobre de las diversas formas en que la democracia viene siendo atacada en la presente coyuntura, advirtiendo sobre los peligros impl\u00edcitos en los discursos y actos negacionistas y violentos, y los desaf\u00edos que plantean para los sectores comprometidos [&hellip;]<\/p>\n","protected":false},"author":2,"featured_media":32747,"comment_status":"open","ping_status":"open","sticky":false,"template":"","format":"standard","meta":{"_et_pb_use_builder":"off","_et_pb_old_content":"","_et_gb_content_width":"1920","footnotes":""},"categories":[1],"tags":[702,687,701,700],"class_list":["post-32735","post","type-post","status-publish","format-standard","has-post-thumbnail","hentry","category-sin-categoria","tag-criminales","tag-hitler","tag-mentes","tag-rozanski"],"yoast_head":"<!-- This site is optimized with the Yoast SEO plugin v27.5 - https:\/\/yoast.com\/product\/yoast-seo-wordpress\/ -->\n<title>De Hitler a Milei. Curiosidades de-mentes criminales - Biblioteca Vigil<\/title>\n<meta name=\"robots\" content=\"index, follow, max-snippet:-1, max-image-preview:large, max-video-preview:-1\" \/>\n<link rel=\"canonical\" href=\"https:\/\/bibliotecavigil.org.ar\/inicio\/32735-2\/\" \/>\n<meta property=\"og:locale\" content=\"es_ES\" \/>\n<meta property=\"og:type\" content=\"article\" \/>\n<meta property=\"og:title\" content=\"De Hitler a Milei. Curiosidades de-mentes criminales - Biblioteca Vigil\" \/>\n<meta property=\"og:description\" content=\"Presentaci\u00f3n del nuevo libro del Dr. Carlos Rozanski, recientemente editado por Editorial CICCUS. Un encuentro para reflexionar sobre de las diversas formas en que la democracia viene siendo atacada en la presente coyuntura, advirtiendo sobre los peligros impl\u00edcitos en los discursos y actos negacionistas y violentos, y los desaf\u00edos que plantean para los sectores comprometidos [&hellip;]\" \/>\n<meta property=\"og:url\" content=\"https:\/\/bibliotecavigil.org.ar\/inicio\/32735-2\/\" \/>\n<meta property=\"og:site_name\" content=\"Biblioteca Vigil\" \/>\n<meta property=\"article:published_time\" content=\"2024-08-27T17:46:21+00:00\" \/>\n<meta property=\"article:modified_time\" content=\"2024-08-27T20:51:58+00:00\" \/>\n<meta property=\"og:image\" content=\"https:\/\/bibliotecavigil.org.ar\/inicio\/wp-content\/uploads\/2024\/08\/Charla-libro-Rozanski-copia-portada-2.jpg\" \/>\n\t<meta property=\"og:image:width\" content=\"960\" \/>\n\t<meta property=\"og:image:height\" content=\"273\" \/>\n\t<meta property=\"og:image:type\" content=\"image\/jpeg\" \/>\n<meta name=\"author\" content=\"bvigil\" \/>\n<meta name=\"twitter:card\" content=\"summary_large_image\" \/>\n<meta name=\"twitter:label1\" content=\"Escrito por\" \/>\n\t<meta name=\"twitter:data1\" content=\"bvigil\" \/>\n\t<meta name=\"twitter:label2\" content=\"Tiempo de lectura\" \/>\n\t<meta name=\"twitter:data2\" content=\"1 minuto\" \/>\n<script type=\"application\/ld+json\" class=\"yoast-schema-graph\">{\"@context\":\"https:\\\/\\\/schema.org\",\"@graph\":[{\"@type\":\"Article\",\"@id\":\"https:\\\/\\\/bibliotecavigil.org.ar\\\/inicio\\\/32735-2\\\/#article\",\"isPartOf\":{\"@id\":\"https:\\\/\\\/bibliotecavigil.org.ar\\\/inicio\\\/32735-2\\\/\"},\"author\":{\"name\":\"bvigil\",\"@id\":\"https:\\\/\\\/bibliotecavigil.org.ar\\\/inicio\\\/#\\\/schema\\\/person\\\/a204eaaa2156b043098ef3540ea176bd\"},\"headline\":\"De Hitler a Milei. Curiosidades de-mentes criminales\",\"datePublished\":\"2024-08-27T17:46:21+00:00\",\"dateModified\":\"2024-08-27T20:51:58+00:00\",\"mainEntityOfPage\":{\"@id\":\"https:\\\/\\\/bibliotecavigil.org.ar\\\/inicio\\\/32735-2\\\/\"},\"wordCount\":100,\"commentCount\":0,\"publisher\":{\"@id\":\"https:\\\/\\\/bibliotecavigil.org.ar\\\/inicio\\\/#organization\"},\"image\":{\"@id\":\"https:\\\/\\\/bibliotecavigil.org.ar\\\/inicio\\\/32735-2\\\/#primaryimage\"},\"thumbnailUrl\":\"https:\\\/\\\/bibliotecavigil.org.ar\\\/inicio\\\/wp-content\\\/uploads\\\/2024\\\/08\\\/Charla-libro-Rozanski-copia-portada-2.jpg\",\"keywords\":[\"criminales\",\"hitler\",\"mentes\",\"rozanski\"],\"inLanguage\":\"es\",\"potentialAction\":[{\"@type\":\"CommentAction\",\"name\":\"Comment\",\"target\":[\"https:\\\/\\\/bibliotecavigil.org.ar\\\/inicio\\\/32735-2\\\/#respond\"]}]},{\"@type\":\"WebPage\",\"@id\":\"https:\\\/\\\/bibliotecavigil.org.ar\\\/inicio\\\/32735-2\\\/\",\"url\":\"https:\\\/\\\/bibliotecavigil.org.ar\\\/inicio\\\/32735-2\\\/\",\"name\":\"De Hitler a Milei. Curiosidades de-mentes criminales - Biblioteca Vigil\",\"isPartOf\":{\"@id\":\"https:\\\/\\\/bibliotecavigil.org.ar\\\/inicio\\\/#website\"},\"primaryImageOfPage\":{\"@id\":\"https:\\\/\\\/bibliotecavigil.org.ar\\\/inicio\\\/32735-2\\\/#primaryimage\"},\"image\":{\"@id\":\"https:\\\/\\\/bibliotecavigil.org.ar\\\/inicio\\\/32735-2\\\/#primaryimage\"},\"thumbnailUrl\":\"https:\\\/\\\/bibliotecavigil.org.ar\\\/inicio\\\/wp-content\\\/uploads\\\/2024\\\/08\\\/Charla-libro-Rozanski-copia-portada-2.jpg\",\"datePublished\":\"2024-08-27T17:46:21+00:00\",\"dateModified\":\"2024-08-27T20:51:58+00:00\",\"breadcrumb\":{\"@id\":\"https:\\\/\\\/bibliotecavigil.org.ar\\\/inicio\\\/32735-2\\\/#breadcrumb\"},\"inLanguage\":\"es\",\"potentialAction\":[{\"@type\":\"ReadAction\",\"target\":[\"https:\\\/\\\/bibliotecavigil.org.ar\\\/inicio\\\/32735-2\\\/\"]}]},{\"@type\":\"ImageObject\",\"inLanguage\":\"es\",\"@id\":\"https:\\\/\\\/bibliotecavigil.org.ar\\\/inicio\\\/32735-2\\\/#primaryimage\",\"url\":\"https:\\\/\\\/bibliotecavigil.org.ar\\\/inicio\\\/wp-content\\\/uploads\\\/2024\\\/08\\\/Charla-libro-Rozanski-copia-portada-2.jpg\",\"contentUrl\":\"https:\\\/\\\/bibliotecavigil.org.ar\\\/inicio\\\/wp-content\\\/uploads\\\/2024\\\/08\\\/Charla-libro-Rozanski-copia-portada-2.jpg\",\"width\":960,\"height\":273},{\"@type\":\"BreadcrumbList\",\"@id\":\"https:\\\/\\\/bibliotecavigil.org.ar\\\/inicio\\\/32735-2\\\/#breadcrumb\",\"itemListElement\":[{\"@type\":\"ListItem\",\"position\":1,\"name\":\"Portada\",\"item\":\"https:\\\/\\\/bibliotecavigil.org.ar\\\/inicio\\\/\"},{\"@type\":\"ListItem\",\"position\":2,\"name\":\"De Hitler a Milei. Curiosidades de-mentes criminales\"}]},{\"@type\":\"WebSite\",\"@id\":\"https:\\\/\\\/bibliotecavigil.org.ar\\\/inicio\\\/#website\",\"url\":\"https:\\\/\\\/bibliotecavigil.org.ar\\\/inicio\\\/\",\"name\":\"Biblioteca Vigil\",\"description\":\"Biblioteca Popular C C Vigil\",\"publisher\":{\"@id\":\"https:\\\/\\\/bibliotecavigil.org.ar\\\/inicio\\\/#organization\"},\"potentialAction\":[{\"@type\":\"SearchAction\",\"target\":{\"@type\":\"EntryPoint\",\"urlTemplate\":\"https:\\\/\\\/bibliotecavigil.org.ar\\\/inicio\\\/?s={search_term_string}\"},\"query-input\":{\"@type\":\"PropertyValueSpecification\",\"valueRequired\":true,\"valueName\":\"search_term_string\"}}],\"inLanguage\":\"es\"},{\"@type\":\"Organization\",\"@id\":\"https:\\\/\\\/bibliotecavigil.org.ar\\\/inicio\\\/#organization\",\"name\":\"Biblioteca Popular C.C.Vigil\",\"url\":\"https:\\\/\\\/bibliotecavigil.org.ar\\\/inicio\\\/\",\"logo\":{\"@type\":\"ImageObject\",\"inLanguage\":\"es\",\"@id\":\"https:\\\/\\\/bibliotecavigil.org.ar\\\/inicio\\\/#\\\/schema\\\/logo\\\/image\\\/\",\"url\":\"https:\\\/\\\/bibliotecavigil.org.ar\\\/inicio\\\/wp-content\\\/uploads\\\/2023\\\/06\\\/Logo-sin-texto-gif.gif\",\"contentUrl\":\"https:\\\/\\\/bibliotecavigil.org.ar\\\/inicio\\\/wp-content\\\/uploads\\\/2023\\\/06\\\/Logo-sin-texto-gif.gif\",\"width\":1487,\"height\":1604,\"caption\":\"Biblioteca Popular C.C.Vigil\"},\"image\":{\"@id\":\"https:\\\/\\\/bibliotecavigil.org.ar\\\/inicio\\\/#\\\/schema\\\/logo\\\/image\\\/\"}},{\"@type\":\"Person\",\"@id\":\"https:\\\/\\\/bibliotecavigil.org.ar\\\/inicio\\\/#\\\/schema\\\/person\\\/a204eaaa2156b043098ef3540ea176bd\",\"name\":\"bvigil\",\"image\":{\"@type\":\"ImageObject\",\"inLanguage\":\"es\",\"@id\":\"https:\\\/\\\/secure.gravatar.com\\\/avatar\\\/7b64a20ecdcdcc88daf9ee06a8b1f99cc1f6225cb19eb67b6c785226ba57821d?s=96&d=mm&r=g\",\"url\":\"https:\\\/\\\/secure.gravatar.com\\\/avatar\\\/7b64a20ecdcdcc88daf9ee06a8b1f99cc1f6225cb19eb67b6c785226ba57821d?s=96&d=mm&r=g\",\"contentUrl\":\"https:\\\/\\\/secure.gravatar.com\\\/avatar\\\/7b64a20ecdcdcc88daf9ee06a8b1f99cc1f6225cb19eb67b6c785226ba57821d?s=96&d=mm&r=g\",\"caption\":\"bvigil\"},\"url\":\"https:\\\/\\\/bibliotecavigil.org.ar\\\/inicio\\\/author\\\/bvigil\\\/\"}]}<\/script>\n<!-- \/ Yoast SEO plugin. -->","yoast_head_json":{"title":"De Hitler a Milei. Curiosidades de-mentes criminales - Biblioteca Vigil","robots":{"index":"index","follow":"follow","max-snippet":"max-snippet:-1","max-image-preview":"max-image-preview:large","max-video-preview":"max-video-preview:-1"},"canonical":"https:\/\/bibliotecavigil.org.ar\/inicio\/32735-2\/","og_locale":"es_ES","og_type":"article","og_title":"De Hitler a Milei. Curiosidades de-mentes criminales - Biblioteca Vigil","og_description":"Presentaci\u00f3n del nuevo libro del Dr. Carlos Rozanski, recientemente editado por Editorial CICCUS. Un encuentro para reflexionar sobre de las diversas formas en que la democracia viene siendo atacada en la presente coyuntura, advirtiendo sobre los peligros impl\u00edcitos en los discursos y actos negacionistas y violentos, y los desaf\u00edos que plantean para los sectores comprometidos [&hellip;]","og_url":"https:\/\/bibliotecavigil.org.ar\/inicio\/32735-2\/","og_site_name":"Biblioteca Vigil","article_published_time":"2024-08-27T17:46:21+00:00","article_modified_time":"2024-08-27T20:51:58+00:00","og_image":[{"width":960,"height":273,"url":"https:\/\/bibliotecavigil.org.ar\/inicio\/wp-content\/uploads\/2024\/08\/Charla-libro-Rozanski-copia-portada-2.jpg","type":"image\/jpeg"}],"author":"bvigil","twitter_card":"summary_large_image","twitter_misc":{"Escrito por":"bvigil","Tiempo de lectura":"1 minuto"},"schema":{"@context":"https:\/\/schema.org","@graph":[{"@type":"Article","@id":"https:\/\/bibliotecavigil.org.ar\/inicio\/32735-2\/#article","isPartOf":{"@id":"https:\/\/bibliotecavigil.org.ar\/inicio\/32735-2\/"},"author":{"name":"bvigil","@id":"https:\/\/bibliotecavigil.org.ar\/inicio\/#\/schema\/person\/a204eaaa2156b043098ef3540ea176bd"},"headline":"De Hitler a Milei. Curiosidades de-mentes criminales","datePublished":"2024-08-27T17:46:21+00:00","dateModified":"2024-08-27T20:51:58+00:00","mainEntityOfPage":{"@id":"https:\/\/bibliotecavigil.org.ar\/inicio\/32735-2\/"},"wordCount":100,"commentCount":0,"publisher":{"@id":"https:\/\/bibliotecavigil.org.ar\/inicio\/#organization"},"image":{"@id":"https:\/\/bibliotecavigil.org.ar\/inicio\/32735-2\/#primaryimage"},"thumbnailUrl":"https:\/\/bibliotecavigil.org.ar\/inicio\/wp-content\/uploads\/2024\/08\/Charla-libro-Rozanski-copia-portada-2.jpg","keywords":["criminales","hitler","mentes","rozanski"],"inLanguage":"es","potentialAction":[{"@type":"CommentAction","name":"Comment","target":["https:\/\/bibliotecavigil.org.ar\/inicio\/32735-2\/#respond"]}]},{"@type":"WebPage","@id":"https:\/\/bibliotecavigil.org.ar\/inicio\/32735-2\/","url":"https:\/\/bibliotecavigil.org.ar\/inicio\/32735-2\/","name":"De Hitler a Milei. Curiosidades de-mentes criminales - Biblioteca Vigil","isPartOf":{"@id":"https:\/\/bibliotecavigil.org.ar\/inicio\/#website"},"primaryImageOfPage":{"@id":"https:\/\/bibliotecavigil.org.ar\/inicio\/32735-2\/#primaryimage"},"image":{"@id":"https:\/\/bibliotecavigil.org.ar\/inicio\/32735-2\/#primaryimage"},"thumbnailUrl":"https:\/\/bibliotecavigil.org.ar\/inicio\/wp-content\/uploads\/2024\/08\/Charla-libro-Rozanski-copia-portada-2.jpg","datePublished":"2024-08-27T17:46:21+00:00","dateModified":"2024-08-27T20:51:58+00:00","breadcrumb":{"@id":"https:\/\/bibliotecavigil.org.ar\/inicio\/32735-2\/#breadcrumb"},"inLanguage":"es","potentialAction":[{"@type":"ReadAction","target":["https:\/\/bibliotecavigil.org.ar\/inicio\/32735-2\/"]}]},{"@type":"ImageObject","inLanguage":"es","@id":"https:\/\/bibliotecavigil.org.ar\/inicio\/32735-2\/#primaryimage","url":"https:\/\/bibliotecavigil.org.ar\/inicio\/wp-content\/uploads\/2024\/08\/Charla-libro-Rozanski-copia-portada-2.jpg","contentUrl":"https:\/\/bibliotecavigil.org.ar\/inicio\/wp-content\/uploads\/2024\/08\/Charla-libro-Rozanski-copia-portada-2.jpg","width":960,"height":273},{"@type":"BreadcrumbList","@id":"https:\/\/bibliotecavigil.org.ar\/inicio\/32735-2\/#breadcrumb","itemListElement":[{"@type":"ListItem","position":1,"name":"Portada","item":"https:\/\/bibliotecavigil.org.ar\/inicio\/"},{"@type":"ListItem","position":2,"name":"De Hitler a Milei. Curiosidades de-mentes criminales"}]},{"@type":"WebSite","@id":"https:\/\/bibliotecavigil.org.ar\/inicio\/#website","url":"https:\/\/bibliotecavigil.org.ar\/inicio\/","name":"Biblioteca Vigil","description":"Biblioteca Popular C C Vigil","publisher":{"@id":"https:\/\/bibliotecavigil.org.ar\/inicio\/#organization"},"potentialAction":[{"@type":"SearchAction","target":{"@type":"EntryPoint","urlTemplate":"https:\/\/bibliotecavigil.org.ar\/inicio\/?s={search_term_string}"},"query-input":{"@type":"PropertyValueSpecification","valueRequired":true,"valueName":"search_term_string"}}],"inLanguage":"es"},{"@type":"Organization","@id":"https:\/\/bibliotecavigil.org.ar\/inicio\/#organization","name":"Biblioteca Popular C.C.Vigil","url":"https:\/\/bibliotecavigil.org.ar\/inicio\/","logo":{"@type":"ImageObject","inLanguage":"es","@id":"https:\/\/bibliotecavigil.org.ar\/inicio\/#\/schema\/logo\/image\/","url":"https:\/\/bibliotecavigil.org.ar\/inicio\/wp-content\/uploads\/2023\/06\/Logo-sin-texto-gif.gif","contentUrl":"https:\/\/bibliotecavigil.org.ar\/inicio\/wp-content\/uploads\/2023\/06\/Logo-sin-texto-gif.gif","width":1487,"height":1604,"caption":"Biblioteca Popular C.C.Vigil"},"image":{"@id":"https:\/\/bibliotecavigil.org.ar\/inicio\/#\/schema\/logo\/image\/"}},{"@type":"Person","@id":"https:\/\/bibliotecavigil.org.ar\/inicio\/#\/schema\/person\/a204eaaa2156b043098ef3540ea176bd","name":"bvigil","image":{"@type":"ImageObject","inLanguage":"es","@id":"https:\/\/secure.gravatar.com\/avatar\/7b64a20ecdcdcc88daf9ee06a8b1f99cc1f6225cb19eb67b6c785226ba57821d?s=96&d=mm&r=g","url":"https:\/\/secure.gravatar.com\/avatar\/7b64a20ecdcdcc88daf9ee06a8b1f99cc1f6225cb19eb67b6c785226ba57821d?s=96&d=mm&r=g","contentUrl":"https:\/\/secure.gravatar.com\/avatar\/7b64a20ecdcdcc88daf9ee06a8b1f99cc1f6225cb19eb67b6c785226ba57821d?s=96&d=mm&r=g","caption":"bvigil"},"url":"https:\/\/bibliotecavigil.org.ar\/inicio\/author\/bvigil\/"}]}},"_links":{"self":[{"href":"https:\/\/bibliotecavigil.org.ar\/inicio\/wp-json\/wp\/v2\/posts\/32735","targetHints":{"allow":["GET"]}}],"collection":[{"href":"https:\/\/bibliotecavigil.org.ar\/inicio\/wp-json\/wp\/v2\/posts"}],"about":[{"href":"https:\/\/bibliotecavigil.org.ar\/inicio\/wp-json\/wp\/v2\/types\/post"}],"author":[{"embeddable":true,"href":"https:\/\/bibliotecavigil.org.ar\/inicio\/wp-json\/wp\/v2\/users\/2"}],"replies":[{"embeddable":true,"href":"https:\/\/bibliotecavigil.org.ar\/inicio\/wp-json\/wp\/v2\/comments?post=32735"}],"version-history":[{"count":12,"href":"https:\/\/bibliotecavigil.org.ar\/inicio\/wp-json\/wp\/v2\/posts\/32735\/revisions"}],"predecessor-version":[{"id":32759,"href":"https:\/\/bibliotecavigil.org.ar\/inicio\/wp-json\/wp\/v2\/posts\/32735\/revisions\/32759"}],"wp:featuredmedia":[{"embeddable":true,"href":"https:\/\/bibliotecavigil.org.ar\/inicio\/wp-json\/wp\/v2\/media\/32747"}],"wp:attachment":[{"href":"https:\/\/bibliotecavigil.org.ar\/inicio\/wp-json\/wp\/v2\/media?parent=32735"}],"wp:term":[{"taxonomy":"category","embeddable":true,"href":"https:\/\/bibliotecavigil.org.ar\/inicio\/wp-json\/wp\/v2\/categories?post=32735"},{"taxonomy":"post_tag","embeddable":true,"href":"https:\/\/bibliotecavigil.org.ar\/inicio\/wp-json\/wp\/v2\/tags?post=32735"}],"curies":[{"name":"wp","href":"https:\/\/api.w.org\/{rel}","templated":true}]}}