{"id":33019,"date":"2024-11-20T18:41:25","date_gmt":"2024-11-20T21:41:25","guid":{"rendered":"https:\/\/bibliotecavigil.org.ar\/inicio\/?p=33019"},"modified":"2024-11-20T18:41:30","modified_gmt":"2024-11-20T21:41:30","slug":"llega-la-mostra-y-retumba-tablada","status":"publish","type":"post","link":"https:\/\/bibliotecavigil.org.ar\/inicio\/llega-la-mostra-y-retumba-tablada\/","title":{"rendered":"\u00a1Llega la MOSTRA, y retumba tablada!!!"},"content":{"rendered":"\n<p><strong>\u00a1Llega la MOSTRA, y retumba tablada!!!<\/strong><\/p>\n\n\n\n<p>Compartimos 3 jornadas colmadas de danza, arte, m\u00fasica, teatro, oficios y saberes y abrimos La Vigil para que seas parte.<\/p>\n\n\n\n<p>Porque creemos que se construye compartiendo te invitamos el pr\u00f3ximo <strong>lunes 25, martes 26 y mi\u00e9rcoles 27<\/strong> a <strong>LA MOSTRA<\/strong>, con clases abiertas, p\u00fablicas, muestras y show, cheque\u00e1 la grilla y \u00a1sumate!<\/p>\n\n\n\n<p><\/p>\n\n\n\n<figure class=\"wp-block-image size-large\"><a href=\"https:\/\/bibliotecavigil.org.ar\/inicio\/wp-content\/uploads\/2024\/11\/MOSTRA-2.jpeg\"><img decoding=\"async\" width=\"724\" height=\"1024\" data-src=\"https:\/\/bibliotecavigil.org.ar\/inicio\/wp-content\/uploads\/2024\/11\/MOSTRA-2-724x1024.jpeg\" alt=\"\" class=\"wp-image-33021 lazyload\" src=\"data:image\/svg+xml;base64,PHN2ZyB3aWR0aD0iMSIgaGVpZ2h0PSIxIiB4bWxucz0iaHR0cDovL3d3dy53My5vcmcvMjAwMC9zdmciPjwvc3ZnPg==\" style=\"--smush-placeholder-width: 724px; --smush-placeholder-aspect-ratio: 724\/1024;\" \/><\/a><\/figure>\n\n\n\n<p><\/p>\n\n\n\n<p><strong>GRILLA COMPLETA<\/strong><\/p>\n\n\n\n<p>\u25ba <strong><em>LUNES 25<\/em><\/strong><\/p>\n\n\n\n<p>\u25ac <strong>17:00 a 19:00<\/strong> <strong><em>\u2013 <\/em>CANTO<\/strong> Los grupos de Taller de Canto inicial y avanzado interpretan un repertorio de canciones populares. Prof. Cesar Ram\u00edrez. <em>Teatro<\/em>, Alem 3086.<\/p>\n\n\n\n<p>\u25ac <strong>19:05 a 19:20 \u2013TEATRO<\/strong> <em>\u201cDuelo en la Eternidad\u201d<\/em> Creaci\u00f3n colectiva del taller de teatro +50. Prof. Florencia Dlugovitzky. <em>Teatro<\/em>, Alem 3086.<\/p>\n\n\n\n<p><strong>\u25ac<\/strong> <strong>19:00 a 20:00<\/strong> \u2013<strong>GUITARRA<\/strong> Los 3 grupos, Guitarra inicial +13, guitarra avanzado + 13, guitarra 10 a 12 a\u00f1os realizar\u00e1n una clase p\u00fablica compartiendo el recorrido que realizaron durante el a\u00f1o. Prof. Leandro Piombo. <em>Biblioteca<\/em>, Alem 3078 1\u00ba piso.<\/p>\n\n\n\n<p>\u25ac <strong>19:25 a 19:55<\/strong> <em>\u2013<\/em><strong>YOGA<\/strong> <em>\u201cYoga Uni\u00f3n\u201d. <\/em>Prof. Miriam Prieto. <em>Teatro, <\/em>Alem 3086.<\/p>\n\n\n\n<p>\u25ac<strong>\u00a020:00 a 21:00-TEATRO<\/strong> <em>\u00abLa casa de Bernarda\u00bb<\/em> Creaci\u00f3n colectiva del taller de teatro +16. Prof. Paula Sadin. <em>Teatro<\/em>, Alem 3086.<\/p>\n\n\n\n<p><\/p>\n\n\n\n<p>\u25ba <strong><em>MARTES 26<\/em><\/strong><\/p>\n\n\n\n<p>\u25ac <strong>18 a 18:30<\/strong> <strong><em>\u2013 <\/em>CIRCO<\/strong> Grupo de 6 a 9 a\u00f1os. Prof. Francisca Camus Pizarro- Ivan Megido. <em>Teatro<\/em>, Alem 3086.<\/p>\n\n\n\n<p>\u25ac 1<strong>8:35 a 19:05<\/strong> <strong>\u2013CIRCO<\/strong> Grupo de 10 a 12 a\u00f1os. Prof. Francisca Camus Pizarro- Ivan Megido<em>.<\/em> <em>Teatro<\/em>, Alem 3086.<\/p>\n\n\n\n<p>\u25ac <strong>19:10 a 19:20<\/strong> \u2013<strong>DANZA<\/strong> Iniciaci\u00f3n a la Danza. Prof. Mariela Herrera. <em>Teatro<\/em>, Alem 3086.<\/p>\n\n\n\n<p>\u25ac <strong>19:25 a 19:35<\/strong> \u2013<strong>DANZA<\/strong> Danza contempor\u00e1nea. Prof. Mariela Herrera. <em>Teatro,<\/em> Alem 3086.<\/p>\n\n\n\n<p>\u25ac <strong>19:40 a 19:55<\/strong> \u2013<strong> SALSA Y BACHATA<\/strong> <em>\u201cLos Rumberos de la Vigil\u201d. <\/em>Prof. Fabio Vara. <em>Teatro,<\/em> Alem 3086.<\/p>\n\n\n\n<p>\u25ac <strong>20:00 a 20:10<\/strong> \u2013<strong>DANZA<\/strong> <em>Danza Contempor\u00e1nea<\/em>. Prof. Mariela Herrera. <em>Teatro,<\/em> Alem 3086.<\/p>\n\n\n\n<p>\u25ac <strong>20:15 a 20:30<\/strong> \u2013 <strong>TANGO<\/strong><em>.\u00a0\u201cEl Tango Siempre te espera\u201d. <\/em>Prof. Fabian Fraquelli. <em>Teatro<\/em>, Alem 3086.<\/p>\n\n\n\n<p>\u25ac <strong>20:35 a 21.00\u2013 HIP HOP<\/strong> <em>Prof. Noelia Villan- Rodrigo Miro.<\/em> <em>Teatro<\/em>, Alem 3086.<\/p>\n\n\n\n<p>\u25ac <strong>21:05 a 21:20-<\/strong> <strong>TWERK<\/strong><em>\u00a0<\/em>Taller invitado<em> \u201cCrew de Twerk Haditas Culonas\u201d<\/em> <em>Teatro<\/em>, Alem 3086.<\/p>\n\n\n\n<p><\/p>\n\n\n\n<p>\u25ba <strong><em>MI\u00c9RCOLES 27<\/em><\/strong><\/p>\n\n\n\n<p>\u25ac <strong>17:30 a 18:10<\/strong> \u2013 <strong>TELAS<\/strong> <strong>\u00a0<\/strong><em>\u201cTarde de brujas\u201d<\/em> A cargo de los grupos de 6 a 9 a\u00f1os inicial y avanzado y el de 10 a 12 a\u00f1os multinivel. Prof. Porcel de Peralta Mar\u00eda Celeste. <em>Sal\u00f3n de telas<\/em>, PB, Gaboto 450<\/p>\n\n\n\n<p>\u25ac <strong>18:15 a 19<\/strong> \u2013 <strong>LITERATURA<\/strong> <em>Clase abierta \u201cVentanas de palabras\u201d<\/em> Plumitas para volar+ Lectura y expresi\u00f3n de 3 a 5 a\u00f1os y lectura y expresi\u00f3n de 6 a 8 a\u00f1os. Prof. Pamela Parma- Paulina Rodriguez. <em>Hall<\/em>, Gaboto 450.<\/p>\n\n\n\n<p>\u25ac <strong>19:00 a 19:30 \u2013YOGA<\/strong> <em>Clase abierta, <\/em>Yoga din\u00e1mica. Prof. Elisa Ciarnello. <em>Sal\u00f3n 5<\/em>, Gaboto 450.<\/p>\n\n\n\n<p>\u25ac <strong>19 a 20<\/strong> <strong>\u2013 CIRCO<\/strong> Escuelita de Circo. Prof. Francisca Camus Pizarro- Iv\u00e1n Megido. <em>Teatro,<\/em> Alem 3086.<\/p>\n\n\n\n<p>\u25ac <strong>19:35 a 20:00- TELA (adultxs)<\/strong> <em>\u201cInframundo\u201d<\/em><strong> .<\/strong>Prof. Giuliana Guardone. Sal\u00f3n de telas, PB, Gaboto 450<\/p>\n\n\n\n<p>\u25ac <strong>19:30 a 20:30<\/strong> \u2013 TALLER <strong>LITERARIO<\/strong> Taller Literario <em>\u201cLa rama hacia el Este\u201d. <\/em>Prof.Leandro Llull. <em>Biblioteca,<\/em> Alem 3078.<\/p>\n\n\n\n<p>\u25ac <strong>20:30 a 21<\/strong> \u2013 <strong>FOLCLORE<\/strong> Clase abierta, p\u00fablica y popular. Taller de folclore. Prof. Fernando Acu\u00f1a. <em>Hall<\/em>, Gaboto 450.<\/p>\n\n\n\n<p>\u25ac <strong>18:00 a 21:00<\/strong> \u2013 <strong>CLASES AL PASO<\/strong>. Jugar en papel (Prof. Ivan Megido, Luciana Esquivel, Florencia Toledo), Reparaci\u00f3n de Celulares (Prof. Luciana Esquivel, Constanza Funes, Jose Luis Ferreyra), Talla y Estampa (Prof. Emiliano Fayos, Marcela Philipp, Graciela Rocha, Magali Imber, Diego Greco Moreyra), encuadernaci\u00f3n (prof. Graciela Amato).<\/p>\n\n\n\n<p><\/p>\n\n\n\n<p>\u25ba <strong>18 a 20:00 D\u00cdAS 25, 26 Y 27<\/strong> <strong>MUESTRA FIJA<\/strong>. Gaboto 450.<\/p>\n\n\n\n<p>\u25ac <em>\u201cUniversos M\u00e1gicos\u201d<\/em> Taller de arte para ni\u00f1xs. Prof. Nerina Parisi.<\/p>\n\n\n\n<p>\u25ac <em>\u201cBit\u00e1coras de Metal\u201d<\/em> Taller de orfebrer\u00eda inicial y avanzado. Prof. Fern\u00e1ndez Casal Tamara.<\/p>\n\n\n\n<p><em>\u25ac<\/em> <em>\u201cProcesando Costuras\u201d<\/em> Taller de costura inicial y avanzado. Prof. Natalia Lorezon.<\/p>\n\n\n\n<p><em>\u25ac<\/em> <em>\u201cModelando D\u00edas y Arcillas\u201d<\/em> Taller de cer\u00e1mica y avanzado. Prof. Camila Gomez.<\/p>\n\n\n\n<p><em>\u25ac<\/em> <em>\u201cEl Arte en la Naturaleza\u201d<\/em> Taller de huerta org\u00e1nica. Prof. Irina Cagnin Okon.<\/p>\n\n\n\n<p>\u25ac <em>\u201cBordando-ando\u201d<\/em> Taller de bordado mexicano. Prof. Claudia Flores.<\/p>\n\n\n\n<p><em>\u25ac<\/em> <em>\u201cTalla y estampa\u201d<\/em> Taller de Grabado. Prof. Emiliano Fayos, Marcela Philipp,Graciela Rocha, Magali Imber, Diego Greco Moreyra  <\/p>\n\n\n\n<p>\u25ac Taller de Creactividad <em>\u201cEl revistero CreActivo\u201d<\/em><\/p>\n\n\n\n<p><\/p>\n\n\n\n<p>Bufette y espacio para compartir\u2026<\/p>\n","protected":false},"excerpt":{"rendered":"<p>\u00a1Llega la MOSTRA, y retumba tablada!!! Compartimos 3 jornadas colmadas de danza, arte, m\u00fasica, teatro, oficios y saberes y abrimos La Vigil para que seas parte. Porque creemos que se construye compartiendo te invitamos el pr\u00f3ximo lunes 25, martes 26 y mi\u00e9rcoles 27 a LA MOSTRA, con clases abiertas, p\u00fablicas, muestras y show, cheque\u00e1 la [&hellip;]<\/p>\n","protected":false},"author":3,"featured_media":33020,"comment_status":"open","ping_status":"open","sticky":false,"template":"","format":"standard","meta":{"_et_pb_use_builder":"off","_et_pb_old_content":"","_et_gb_content_width":"1920","footnotes":""},"categories":[1],"tags":[],"class_list":["post-33019","post","type-post","status-publish","format-standard","has-post-thumbnail","hentry","category-sin-categoria"],"yoast_head":"<!-- This site is optimized with the Yoast SEO plugin v27.5 - https:\/\/yoast.com\/product\/yoast-seo-wordpress\/ -->\n<title>\u00a1Llega la MOSTRA, y retumba tablada!!! - Biblioteca Vigil<\/title>\n<meta name=\"robots\" content=\"index, follow, max-snippet:-1, max-image-preview:large, max-video-preview:-1\" \/>\n<link rel=\"canonical\" href=\"https:\/\/bibliotecavigil.org.ar\/inicio\/llega-la-mostra-y-retumba-tablada\/\" \/>\n<meta property=\"og:locale\" content=\"es_ES\" \/>\n<meta property=\"og:type\" content=\"article\" \/>\n<meta property=\"og:title\" content=\"\u00a1Llega la MOSTRA, y retumba tablada!!! - Biblioteca Vigil\" \/>\n<meta property=\"og:description\" content=\"\u00a1Llega la MOSTRA, y retumba tablada!!! Compartimos 3 jornadas colmadas de danza, arte, m\u00fasica, teatro, oficios y saberes y abrimos La Vigil para que seas parte. Porque creemos que se construye compartiendo te invitamos el pr\u00f3ximo lunes 25, martes 26 y mi\u00e9rcoles 27 a LA MOSTRA, con clases abiertas, p\u00fablicas, muestras y show, cheque\u00e1 la [&hellip;]\" \/>\n<meta property=\"og:url\" content=\"https:\/\/bibliotecavigil.org.ar\/inicio\/llega-la-mostra-y-retumba-tablada\/\" \/>\n<meta property=\"og:site_name\" content=\"Biblioteca Vigil\" \/>\n<meta property=\"article:published_time\" content=\"2024-11-20T21:41:25+00:00\" \/>\n<meta property=\"article:modified_time\" content=\"2024-11-20T21:41:30+00:00\" \/>\n<meta property=\"og:image\" content=\"https:\/\/bibliotecavigil.org.ar\/inicio\/wp-content\/uploads\/2024\/11\/La-mostra_WEB.jpg\" \/>\n\t<meta property=\"og:image:width\" content=\"1042\" \/>\n\t<meta property=\"og:image:height\" content=\"547\" \/>\n\t<meta property=\"og:image:type\" content=\"image\/jpeg\" \/>\n<meta name=\"author\" content=\"Biblioteca Vigil\" \/>\n<meta name=\"twitter:card\" content=\"summary_large_image\" \/>\n<meta name=\"twitter:label1\" content=\"Escrito por\" \/>\n\t<meta name=\"twitter:data1\" content=\"Biblioteca Vigil\" \/>\n\t<meta name=\"twitter:label2\" content=\"Tiempo de lectura\" \/>\n\t<meta name=\"twitter:data2\" content=\"4 minutos\" \/>\n<script type=\"application\/ld+json\" class=\"yoast-schema-graph\">{\"@context\":\"https:\\\/\\\/schema.org\",\"@graph\":[{\"@type\":\"Article\",\"@id\":\"https:\\\/\\\/bibliotecavigil.org.ar\\\/inicio\\\/llega-la-mostra-y-retumba-tablada\\\/#article\",\"isPartOf\":{\"@id\":\"https:\\\/\\\/bibliotecavigil.org.ar\\\/inicio\\\/llega-la-mostra-y-retumba-tablada\\\/\"},\"author\":{\"name\":\"Biblioteca Vigil\",\"@id\":\"https:\\\/\\\/bibliotecavigil.org.ar\\\/inicio\\\/#\\\/schema\\\/person\\\/98530bc117d5fa50c5dc01b4fd8d3700\"},\"headline\":\"\u00a1Llega la MOSTRA, y retumba tablada!!!\",\"datePublished\":\"2024-11-20T21:41:25+00:00\",\"dateModified\":\"2024-11-20T21:41:30+00:00\",\"mainEntityOfPage\":{\"@id\":\"https:\\\/\\\/bibliotecavigil.org.ar\\\/inicio\\\/llega-la-mostra-y-retumba-tablada\\\/\"},\"wordCount\":583,\"commentCount\":0,\"publisher\":{\"@id\":\"https:\\\/\\\/bibliotecavigil.org.ar\\\/inicio\\\/#organization\"},\"image\":{\"@id\":\"https:\\\/\\\/bibliotecavigil.org.ar\\\/inicio\\\/llega-la-mostra-y-retumba-tablada\\\/#primaryimage\"},\"thumbnailUrl\":\"https:\\\/\\\/bibliotecavigil.org.ar\\\/inicio\\\/wp-content\\\/uploads\\\/2024\\\/11\\\/La-mostra_WEB.jpg\",\"inLanguage\":\"es\",\"potentialAction\":[{\"@type\":\"CommentAction\",\"name\":\"Comment\",\"target\":[\"https:\\\/\\\/bibliotecavigil.org.ar\\\/inicio\\\/llega-la-mostra-y-retumba-tablada\\\/#respond\"]}]},{\"@type\":\"WebPage\",\"@id\":\"https:\\\/\\\/bibliotecavigil.org.ar\\\/inicio\\\/llega-la-mostra-y-retumba-tablada\\\/\",\"url\":\"https:\\\/\\\/bibliotecavigil.org.ar\\\/inicio\\\/llega-la-mostra-y-retumba-tablada\\\/\",\"name\":\"\u00a1Llega la MOSTRA, y retumba tablada!!! - Biblioteca Vigil\",\"isPartOf\":{\"@id\":\"https:\\\/\\\/bibliotecavigil.org.ar\\\/inicio\\\/#website\"},\"primaryImageOfPage\":{\"@id\":\"https:\\\/\\\/bibliotecavigil.org.ar\\\/inicio\\\/llega-la-mostra-y-retumba-tablada\\\/#primaryimage\"},\"image\":{\"@id\":\"https:\\\/\\\/bibliotecavigil.org.ar\\\/inicio\\\/llega-la-mostra-y-retumba-tablada\\\/#primaryimage\"},\"thumbnailUrl\":\"https:\\\/\\\/bibliotecavigil.org.ar\\\/inicio\\\/wp-content\\\/uploads\\\/2024\\\/11\\\/La-mostra_WEB.jpg\",\"datePublished\":\"2024-11-20T21:41:25+00:00\",\"dateModified\":\"2024-11-20T21:41:30+00:00\",\"breadcrumb\":{\"@id\":\"https:\\\/\\\/bibliotecavigil.org.ar\\\/inicio\\\/llega-la-mostra-y-retumba-tablada\\\/#breadcrumb\"},\"inLanguage\":\"es\",\"potentialAction\":[{\"@type\":\"ReadAction\",\"target\":[\"https:\\\/\\\/bibliotecavigil.org.ar\\\/inicio\\\/llega-la-mostra-y-retumba-tablada\\\/\"]}]},{\"@type\":\"ImageObject\",\"inLanguage\":\"es\",\"@id\":\"https:\\\/\\\/bibliotecavigil.org.ar\\\/inicio\\\/llega-la-mostra-y-retumba-tablada\\\/#primaryimage\",\"url\":\"https:\\\/\\\/bibliotecavigil.org.ar\\\/inicio\\\/wp-content\\\/uploads\\\/2024\\\/11\\\/La-mostra_WEB.jpg\",\"contentUrl\":\"https:\\\/\\\/bibliotecavigil.org.ar\\\/inicio\\\/wp-content\\\/uploads\\\/2024\\\/11\\\/La-mostra_WEB.jpg\",\"width\":1042,\"height\":547},{\"@type\":\"BreadcrumbList\",\"@id\":\"https:\\\/\\\/bibliotecavigil.org.ar\\\/inicio\\\/llega-la-mostra-y-retumba-tablada\\\/#breadcrumb\",\"itemListElement\":[{\"@type\":\"ListItem\",\"position\":1,\"name\":\"Portada\",\"item\":\"https:\\\/\\\/bibliotecavigil.org.ar\\\/inicio\\\/\"},{\"@type\":\"ListItem\",\"position\":2,\"name\":\"\u00a1Llega la MOSTRA, y retumba tablada!!!\"}]},{\"@type\":\"WebSite\",\"@id\":\"https:\\\/\\\/bibliotecavigil.org.ar\\\/inicio\\\/#website\",\"url\":\"https:\\\/\\\/bibliotecavigil.org.ar\\\/inicio\\\/\",\"name\":\"Biblioteca Vigil\",\"description\":\"Biblioteca Popular C C Vigil\",\"publisher\":{\"@id\":\"https:\\\/\\\/bibliotecavigil.org.ar\\\/inicio\\\/#organization\"},\"potentialAction\":[{\"@type\":\"SearchAction\",\"target\":{\"@type\":\"EntryPoint\",\"urlTemplate\":\"https:\\\/\\\/bibliotecavigil.org.ar\\\/inicio\\\/?s={search_term_string}\"},\"query-input\":{\"@type\":\"PropertyValueSpecification\",\"valueRequired\":true,\"valueName\":\"search_term_string\"}}],\"inLanguage\":\"es\"},{\"@type\":\"Organization\",\"@id\":\"https:\\\/\\\/bibliotecavigil.org.ar\\\/inicio\\\/#organization\",\"name\":\"Biblioteca Popular C.C.Vigil\",\"url\":\"https:\\\/\\\/bibliotecavigil.org.ar\\\/inicio\\\/\",\"logo\":{\"@type\":\"ImageObject\",\"inLanguage\":\"es\",\"@id\":\"https:\\\/\\\/bibliotecavigil.org.ar\\\/inicio\\\/#\\\/schema\\\/logo\\\/image\\\/\",\"url\":\"https:\\\/\\\/bibliotecavigil.org.ar\\\/inicio\\\/wp-content\\\/uploads\\\/2023\\\/06\\\/Logo-sin-texto-gif.gif\",\"contentUrl\":\"https:\\\/\\\/bibliotecavigil.org.ar\\\/inicio\\\/wp-content\\\/uploads\\\/2023\\\/06\\\/Logo-sin-texto-gif.gif\",\"width\":1487,\"height\":1604,\"caption\":\"Biblioteca Popular C.C.Vigil\"},\"image\":{\"@id\":\"https:\\\/\\\/bibliotecavigil.org.ar\\\/inicio\\\/#\\\/schema\\\/logo\\\/image\\\/\"}},{\"@type\":\"Person\",\"@id\":\"https:\\\/\\\/bibliotecavigil.org.ar\\\/inicio\\\/#\\\/schema\\\/person\\\/98530bc117d5fa50c5dc01b4fd8d3700\",\"name\":\"Biblioteca Vigil\",\"image\":{\"@type\":\"ImageObject\",\"inLanguage\":\"es\",\"@id\":\"https:\\\/\\\/secure.gravatar.com\\\/avatar\\\/a96b6054dc4c80cde596e2c3f42d23e4f769e395116bf277fb508315b9d8a5c5?s=96&d=mm&r=g\",\"url\":\"https:\\\/\\\/secure.gravatar.com\\\/avatar\\\/a96b6054dc4c80cde596e2c3f42d23e4f769e395116bf277fb508315b9d8a5c5?s=96&d=mm&r=g\",\"contentUrl\":\"https:\\\/\\\/secure.gravatar.com\\\/avatar\\\/a96b6054dc4c80cde596e2c3f42d23e4f769e395116bf277fb508315b9d8a5c5?s=96&d=mm&r=g\",\"caption\":\"Biblioteca Vigil\"},\"url\":\"https:\\\/\\\/bibliotecavigil.org.ar\\\/inicio\\\/author\\\/comunicacion\\\/\"}]}<\/script>\n<!-- \/ Yoast SEO plugin. -->","yoast_head_json":{"title":"\u00a1Llega la MOSTRA, y retumba tablada!!! - Biblioteca Vigil","robots":{"index":"index","follow":"follow","max-snippet":"max-snippet:-1","max-image-preview":"max-image-preview:large","max-video-preview":"max-video-preview:-1"},"canonical":"https:\/\/bibliotecavigil.org.ar\/inicio\/llega-la-mostra-y-retumba-tablada\/","og_locale":"es_ES","og_type":"article","og_title":"\u00a1Llega la MOSTRA, y retumba tablada!!! - Biblioteca Vigil","og_description":"\u00a1Llega la MOSTRA, y retumba tablada!!! Compartimos 3 jornadas colmadas de danza, arte, m\u00fasica, teatro, oficios y saberes y abrimos La Vigil para que seas parte. Porque creemos que se construye compartiendo te invitamos el pr\u00f3ximo lunes 25, martes 26 y mi\u00e9rcoles 27 a LA MOSTRA, con clases abiertas, p\u00fablicas, muestras y show, cheque\u00e1 la [&hellip;]","og_url":"https:\/\/bibliotecavigil.org.ar\/inicio\/llega-la-mostra-y-retumba-tablada\/","og_site_name":"Biblioteca Vigil","article_published_time":"2024-11-20T21:41:25+00:00","article_modified_time":"2024-11-20T21:41:30+00:00","og_image":[{"width":1042,"height":547,"url":"https:\/\/bibliotecavigil.org.ar\/inicio\/wp-content\/uploads\/2024\/11\/La-mostra_WEB.jpg","type":"image\/jpeg"}],"author":"Biblioteca Vigil","twitter_card":"summary_large_image","twitter_misc":{"Escrito por":"Biblioteca Vigil","Tiempo de lectura":"4 minutos"},"schema":{"@context":"https:\/\/schema.org","@graph":[{"@type":"Article","@id":"https:\/\/bibliotecavigil.org.ar\/inicio\/llega-la-mostra-y-retumba-tablada\/#article","isPartOf":{"@id":"https:\/\/bibliotecavigil.org.ar\/inicio\/llega-la-mostra-y-retumba-tablada\/"},"author":{"name":"Biblioteca Vigil","@id":"https:\/\/bibliotecavigil.org.ar\/inicio\/#\/schema\/person\/98530bc117d5fa50c5dc01b4fd8d3700"},"headline":"\u00a1Llega la MOSTRA, y retumba tablada!!!","datePublished":"2024-11-20T21:41:25+00:00","dateModified":"2024-11-20T21:41:30+00:00","mainEntityOfPage":{"@id":"https:\/\/bibliotecavigil.org.ar\/inicio\/llega-la-mostra-y-retumba-tablada\/"},"wordCount":583,"commentCount":0,"publisher":{"@id":"https:\/\/bibliotecavigil.org.ar\/inicio\/#organization"},"image":{"@id":"https:\/\/bibliotecavigil.org.ar\/inicio\/llega-la-mostra-y-retumba-tablada\/#primaryimage"},"thumbnailUrl":"https:\/\/bibliotecavigil.org.ar\/inicio\/wp-content\/uploads\/2024\/11\/La-mostra_WEB.jpg","inLanguage":"es","potentialAction":[{"@type":"CommentAction","name":"Comment","target":["https:\/\/bibliotecavigil.org.ar\/inicio\/llega-la-mostra-y-retumba-tablada\/#respond"]}]},{"@type":"WebPage","@id":"https:\/\/bibliotecavigil.org.ar\/inicio\/llega-la-mostra-y-retumba-tablada\/","url":"https:\/\/bibliotecavigil.org.ar\/inicio\/llega-la-mostra-y-retumba-tablada\/","name":"\u00a1Llega la MOSTRA, y retumba tablada!!! - Biblioteca Vigil","isPartOf":{"@id":"https:\/\/bibliotecavigil.org.ar\/inicio\/#website"},"primaryImageOfPage":{"@id":"https:\/\/bibliotecavigil.org.ar\/inicio\/llega-la-mostra-y-retumba-tablada\/#primaryimage"},"image":{"@id":"https:\/\/bibliotecavigil.org.ar\/inicio\/llega-la-mostra-y-retumba-tablada\/#primaryimage"},"thumbnailUrl":"https:\/\/bibliotecavigil.org.ar\/inicio\/wp-content\/uploads\/2024\/11\/La-mostra_WEB.jpg","datePublished":"2024-11-20T21:41:25+00:00","dateModified":"2024-11-20T21:41:30+00:00","breadcrumb":{"@id":"https:\/\/bibliotecavigil.org.ar\/inicio\/llega-la-mostra-y-retumba-tablada\/#breadcrumb"},"inLanguage":"es","potentialAction":[{"@type":"ReadAction","target":["https:\/\/bibliotecavigil.org.ar\/inicio\/llega-la-mostra-y-retumba-tablada\/"]}]},{"@type":"ImageObject","inLanguage":"es","@id":"https:\/\/bibliotecavigil.org.ar\/inicio\/llega-la-mostra-y-retumba-tablada\/#primaryimage","url":"https:\/\/bibliotecavigil.org.ar\/inicio\/wp-content\/uploads\/2024\/11\/La-mostra_WEB.jpg","contentUrl":"https:\/\/bibliotecavigil.org.ar\/inicio\/wp-content\/uploads\/2024\/11\/La-mostra_WEB.jpg","width":1042,"height":547},{"@type":"BreadcrumbList","@id":"https:\/\/bibliotecavigil.org.ar\/inicio\/llega-la-mostra-y-retumba-tablada\/#breadcrumb","itemListElement":[{"@type":"ListItem","position":1,"name":"Portada","item":"https:\/\/bibliotecavigil.org.ar\/inicio\/"},{"@type":"ListItem","position":2,"name":"\u00a1Llega la MOSTRA, y retumba tablada!!!"}]},{"@type":"WebSite","@id":"https:\/\/bibliotecavigil.org.ar\/inicio\/#website","url":"https:\/\/bibliotecavigil.org.ar\/inicio\/","name":"Biblioteca Vigil","description":"Biblioteca Popular C C Vigil","publisher":{"@id":"https:\/\/bibliotecavigil.org.ar\/inicio\/#organization"},"potentialAction":[{"@type":"SearchAction","target":{"@type":"EntryPoint","urlTemplate":"https:\/\/bibliotecavigil.org.ar\/inicio\/?s={search_term_string}"},"query-input":{"@type":"PropertyValueSpecification","valueRequired":true,"valueName":"search_term_string"}}],"inLanguage":"es"},{"@type":"Organization","@id":"https:\/\/bibliotecavigil.org.ar\/inicio\/#organization","name":"Biblioteca Popular C.C.Vigil","url":"https:\/\/bibliotecavigil.org.ar\/inicio\/","logo":{"@type":"ImageObject","inLanguage":"es","@id":"https:\/\/bibliotecavigil.org.ar\/inicio\/#\/schema\/logo\/image\/","url":"https:\/\/bibliotecavigil.org.ar\/inicio\/wp-content\/uploads\/2023\/06\/Logo-sin-texto-gif.gif","contentUrl":"https:\/\/bibliotecavigil.org.ar\/inicio\/wp-content\/uploads\/2023\/06\/Logo-sin-texto-gif.gif","width":1487,"height":1604,"caption":"Biblioteca Popular C.C.Vigil"},"image":{"@id":"https:\/\/bibliotecavigil.org.ar\/inicio\/#\/schema\/logo\/image\/"}},{"@type":"Person","@id":"https:\/\/bibliotecavigil.org.ar\/inicio\/#\/schema\/person\/98530bc117d5fa50c5dc01b4fd8d3700","name":"Biblioteca Vigil","image":{"@type":"ImageObject","inLanguage":"es","@id":"https:\/\/secure.gravatar.com\/avatar\/a96b6054dc4c80cde596e2c3f42d23e4f769e395116bf277fb508315b9d8a5c5?s=96&d=mm&r=g","url":"https:\/\/secure.gravatar.com\/avatar\/a96b6054dc4c80cde596e2c3f42d23e4f769e395116bf277fb508315b9d8a5c5?s=96&d=mm&r=g","contentUrl":"https:\/\/secure.gravatar.com\/avatar\/a96b6054dc4c80cde596e2c3f42d23e4f769e395116bf277fb508315b9d8a5c5?s=96&d=mm&r=g","caption":"Biblioteca Vigil"},"url":"https:\/\/bibliotecavigil.org.ar\/inicio\/author\/comunicacion\/"}]}},"_links":{"self":[{"href":"https:\/\/bibliotecavigil.org.ar\/inicio\/wp-json\/wp\/v2\/posts\/33019","targetHints":{"allow":["GET"]}}],"collection":[{"href":"https:\/\/bibliotecavigil.org.ar\/inicio\/wp-json\/wp\/v2\/posts"}],"about":[{"href":"https:\/\/bibliotecavigil.org.ar\/inicio\/wp-json\/wp\/v2\/types\/post"}],"author":[{"embeddable":true,"href":"https:\/\/bibliotecavigil.org.ar\/inicio\/wp-json\/wp\/v2\/users\/3"}],"replies":[{"embeddable":true,"href":"https:\/\/bibliotecavigil.org.ar\/inicio\/wp-json\/wp\/v2\/comments?post=33019"}],"version-history":[{"count":1,"href":"https:\/\/bibliotecavigil.org.ar\/inicio\/wp-json\/wp\/v2\/posts\/33019\/revisions"}],"predecessor-version":[{"id":33022,"href":"https:\/\/bibliotecavigil.org.ar\/inicio\/wp-json\/wp\/v2\/posts\/33019\/revisions\/33022"}],"wp:featuredmedia":[{"embeddable":true,"href":"https:\/\/bibliotecavigil.org.ar\/inicio\/wp-json\/wp\/v2\/media\/33020"}],"wp:attachment":[{"href":"https:\/\/bibliotecavigil.org.ar\/inicio\/wp-json\/wp\/v2\/media?parent=33019"}],"wp:term":[{"taxonomy":"category","embeddable":true,"href":"https:\/\/bibliotecavigil.org.ar\/inicio\/wp-json\/wp\/v2\/categories?post=33019"},{"taxonomy":"post_tag","embeddable":true,"href":"https:\/\/bibliotecavigil.org.ar\/inicio\/wp-json\/wp\/v2\/tags?post=33019"}],"curies":[{"name":"wp","href":"https:\/\/api.w.org\/{rel}","templated":true}]}}