{"id":33550,"date":"2025-07-18T17:59:49","date_gmt":"2025-07-18T20:59:49","guid":{"rendered":"https:\/\/bibliotecavigil.org.ar\/inicio\/?p=33550"},"modified":"2025-07-18T17:59:53","modified_gmt":"2025-07-18T20:59:53","slug":"teatro-por-las-bibliotecas-populares","status":"publish","type":"post","link":"https:\/\/bibliotecavigil.org.ar\/inicio\/teatro-por-las-bibliotecas-populares\/","title":{"rendered":"Teatro por las Bibliotecas Populares"},"content":{"rendered":"\n<p><strong>Teatro por las Bibliotecas Populares<\/strong><\/p>\n\n\n\n<p>Una obra de Teatro de T\u00edteres a total beneficio de las Bibliotecas Populares de Rosario, y para visibilizar la cr\u00edtica situaci\u00f3n que atraviesa hoy la <strong>CONABIP <\/strong>(Comisi\u00f3n Nacional de Bibliotecas Populares).<\/p>\n\n\n\n<p>\u00abOliverio, el de la vuelta\u201d de T\u00edteres La Hormiga. Oliverio es un nene al que todo le sale mal, hasta que encuentra un barco y a su Capit\u00e1n y se sumerge en una verdadera aventura, donde descubre que algunas cosas le pueden salir MUY BIEN!!!<\/p>\n\n\n\n<p>\u00a1<strong>Defender a las bibliotecas es defender el derecho a la cultura! &#x1fac2;<\/strong><\/p>\n\n\n\n<p>Colabor\u00e1 comprando la entrada en la Biblioteca de tu barrio y venite a ver Teatro para toda la familia en La Vigil.<\/p>\n\n\n\n<p><\/p>\n\n\n\n<figure class=\"wp-block-image size-large\"><a href=\"https:\/\/bibliotecavigil.org.ar\/inicio\/wp-content\/uploads\/2025\/07\/oliverio.jpeg\"><img decoding=\"async\" width=\"724\" height=\"1024\" data-src=\"https:\/\/bibliotecavigil.org.ar\/inicio\/wp-content\/uploads\/2025\/07\/oliverio-724x1024.jpeg\" alt=\"\" class=\"wp-image-33551 lazyload\" src=\"data:image\/svg+xml;base64,PHN2ZyB3aWR0aD0iMSIgaGVpZ2h0PSIxIiB4bWxucz0iaHR0cDovL3d3dy53My5vcmcvMjAwMC9zdmciPjwvc3ZnPg==\" style=\"--smush-placeholder-width: 724px; --smush-placeholder-aspect-ratio: 724\/1024;\" \/><\/a><\/figure>\n","protected":false},"excerpt":{"rendered":"<p>Teatro por las Bibliotecas Populares Una obra de Teatro de T\u00edteres a total beneficio de las Bibliotecas Populares de Rosario, y para visibilizar la cr\u00edtica situaci\u00f3n que atraviesa hoy la CONABIP (Comisi\u00f3n Nacional de Bibliotecas Populares). \u00abOliverio, el de la vuelta\u201d de T\u00edteres La Hormiga. Oliverio es un nene al que todo le sale mal, [&hellip;]<\/p>\n","protected":false},"author":3,"featured_media":33552,"comment_status":"open","ping_status":"open","sticky":false,"template":"","format":"standard","meta":{"_et_pb_use_builder":"off","_et_pb_old_content":"","_et_gb_content_width":"1920","footnotes":""},"categories":[1],"tags":[],"class_list":["post-33550","post","type-post","status-publish","format-standard","has-post-thumbnail","hentry","category-sin-categoria"],"yoast_head":"<!-- This site is optimized with the Yoast SEO plugin v27.5 - https:\/\/yoast.com\/product\/yoast-seo-wordpress\/ -->\n<title>Teatro por las Bibliotecas Populares - Biblioteca Vigil<\/title>\n<meta name=\"robots\" content=\"index, follow, max-snippet:-1, max-image-preview:large, max-video-preview:-1\" \/>\n<link rel=\"canonical\" href=\"https:\/\/bibliotecavigil.org.ar\/inicio\/teatro-por-las-bibliotecas-populares\/\" \/>\n<meta property=\"og:locale\" content=\"es_ES\" \/>\n<meta property=\"og:type\" content=\"article\" \/>\n<meta property=\"og:title\" content=\"Teatro por las Bibliotecas Populares - Biblioteca Vigil\" \/>\n<meta property=\"og:description\" content=\"Teatro por las Bibliotecas Populares Una obra de Teatro de T\u00edteres a total beneficio de las Bibliotecas Populares de Rosario, y para visibilizar la cr\u00edtica situaci\u00f3n que atraviesa hoy la CONABIP (Comisi\u00f3n Nacional de Bibliotecas Populares). \u00abOliverio, el de la vuelta\u201d de T\u00edteres La Hormiga. Oliverio es un nene al que todo le sale mal, [&hellip;]\" \/>\n<meta property=\"og:url\" content=\"https:\/\/bibliotecavigil.org.ar\/inicio\/teatro-por-las-bibliotecas-populares\/\" \/>\n<meta property=\"og:site_name\" content=\"Biblioteca Vigil\" \/>\n<meta property=\"article:published_time\" content=\"2025-07-18T20:59:49+00:00\" \/>\n<meta property=\"article:modified_time\" content=\"2025-07-18T20:59:53+00:00\" \/>\n<meta property=\"og:image\" content=\"https:\/\/bibliotecavigil.org.ar\/inicio\/wp-content\/uploads\/2025\/07\/teatro-para-bibliotecas_web.png\" \/>\n\t<meta property=\"og:image:width\" content=\"1586\" \/>\n\t<meta property=\"og:image:height\" content=\"996\" \/>\n\t<meta property=\"og:image:type\" content=\"image\/png\" \/>\n<meta name=\"author\" content=\"Biblioteca Vigil\" \/>\n<meta name=\"twitter:card\" content=\"summary_large_image\" \/>\n<meta name=\"twitter:label1\" content=\"Escrito por\" \/>\n\t<meta name=\"twitter:data1\" content=\"Biblioteca Vigil\" \/>\n\t<meta name=\"twitter:label2\" content=\"Tiempo de lectura\" \/>\n\t<meta name=\"twitter:data2\" content=\"1 minuto\" \/>\n<script type=\"application\/ld+json\" class=\"yoast-schema-graph\">{\"@context\":\"https:\\\/\\\/schema.org\",\"@graph\":[{\"@type\":\"Article\",\"@id\":\"https:\\\/\\\/bibliotecavigil.org.ar\\\/inicio\\\/teatro-por-las-bibliotecas-populares\\\/#article\",\"isPartOf\":{\"@id\":\"https:\\\/\\\/bibliotecavigil.org.ar\\\/inicio\\\/teatro-por-las-bibliotecas-populares\\\/\"},\"author\":{\"name\":\"Biblioteca Vigil\",\"@id\":\"https:\\\/\\\/bibliotecavigil.org.ar\\\/inicio\\\/#\\\/schema\\\/person\\\/98530bc117d5fa50c5dc01b4fd8d3700\"},\"headline\":\"Teatro por las Bibliotecas Populares\",\"datePublished\":\"2025-07-18T20:59:49+00:00\",\"dateModified\":\"2025-07-18T20:59:53+00:00\",\"mainEntityOfPage\":{\"@id\":\"https:\\\/\\\/bibliotecavigil.org.ar\\\/inicio\\\/teatro-por-las-bibliotecas-populares\\\/\"},\"wordCount\":127,\"commentCount\":0,\"publisher\":{\"@id\":\"https:\\\/\\\/bibliotecavigil.org.ar\\\/inicio\\\/#organization\"},\"image\":{\"@id\":\"https:\\\/\\\/bibliotecavigil.org.ar\\\/inicio\\\/teatro-por-las-bibliotecas-populares\\\/#primaryimage\"},\"thumbnailUrl\":\"https:\\\/\\\/bibliotecavigil.org.ar\\\/inicio\\\/wp-content\\\/uploads\\\/2025\\\/07\\\/teatro-para-bibliotecas_web.png\",\"inLanguage\":\"es\",\"potentialAction\":[{\"@type\":\"CommentAction\",\"name\":\"Comment\",\"target\":[\"https:\\\/\\\/bibliotecavigil.org.ar\\\/inicio\\\/teatro-por-las-bibliotecas-populares\\\/#respond\"]}]},{\"@type\":\"WebPage\",\"@id\":\"https:\\\/\\\/bibliotecavigil.org.ar\\\/inicio\\\/teatro-por-las-bibliotecas-populares\\\/\",\"url\":\"https:\\\/\\\/bibliotecavigil.org.ar\\\/inicio\\\/teatro-por-las-bibliotecas-populares\\\/\",\"name\":\"Teatro por las Bibliotecas Populares - Biblioteca Vigil\",\"isPartOf\":{\"@id\":\"https:\\\/\\\/bibliotecavigil.org.ar\\\/inicio\\\/#website\"},\"primaryImageOfPage\":{\"@id\":\"https:\\\/\\\/bibliotecavigil.org.ar\\\/inicio\\\/teatro-por-las-bibliotecas-populares\\\/#primaryimage\"},\"image\":{\"@id\":\"https:\\\/\\\/bibliotecavigil.org.ar\\\/inicio\\\/teatro-por-las-bibliotecas-populares\\\/#primaryimage\"},\"thumbnailUrl\":\"https:\\\/\\\/bibliotecavigil.org.ar\\\/inicio\\\/wp-content\\\/uploads\\\/2025\\\/07\\\/teatro-para-bibliotecas_web.png\",\"datePublished\":\"2025-07-18T20:59:49+00:00\",\"dateModified\":\"2025-07-18T20:59:53+00:00\",\"breadcrumb\":{\"@id\":\"https:\\\/\\\/bibliotecavigil.org.ar\\\/inicio\\\/teatro-por-las-bibliotecas-populares\\\/#breadcrumb\"},\"inLanguage\":\"es\",\"potentialAction\":[{\"@type\":\"ReadAction\",\"target\":[\"https:\\\/\\\/bibliotecavigil.org.ar\\\/inicio\\\/teatro-por-las-bibliotecas-populares\\\/\"]}]},{\"@type\":\"ImageObject\",\"inLanguage\":\"es\",\"@id\":\"https:\\\/\\\/bibliotecavigil.org.ar\\\/inicio\\\/teatro-por-las-bibliotecas-populares\\\/#primaryimage\",\"url\":\"https:\\\/\\\/bibliotecavigil.org.ar\\\/inicio\\\/wp-content\\\/uploads\\\/2025\\\/07\\\/teatro-para-bibliotecas_web.png\",\"contentUrl\":\"https:\\\/\\\/bibliotecavigil.org.ar\\\/inicio\\\/wp-content\\\/uploads\\\/2025\\\/07\\\/teatro-para-bibliotecas_web.png\",\"width\":1586,\"height\":996},{\"@type\":\"BreadcrumbList\",\"@id\":\"https:\\\/\\\/bibliotecavigil.org.ar\\\/inicio\\\/teatro-por-las-bibliotecas-populares\\\/#breadcrumb\",\"itemListElement\":[{\"@type\":\"ListItem\",\"position\":1,\"name\":\"Portada\",\"item\":\"https:\\\/\\\/bibliotecavigil.org.ar\\\/inicio\\\/\"},{\"@type\":\"ListItem\",\"position\":2,\"name\":\"Teatro por las Bibliotecas Populares\"}]},{\"@type\":\"WebSite\",\"@id\":\"https:\\\/\\\/bibliotecavigil.org.ar\\\/inicio\\\/#website\",\"url\":\"https:\\\/\\\/bibliotecavigil.org.ar\\\/inicio\\\/\",\"name\":\"Biblioteca Vigil\",\"description\":\"Biblioteca Popular C C Vigil\",\"publisher\":{\"@id\":\"https:\\\/\\\/bibliotecavigil.org.ar\\\/inicio\\\/#organization\"},\"potentialAction\":[{\"@type\":\"SearchAction\",\"target\":{\"@type\":\"EntryPoint\",\"urlTemplate\":\"https:\\\/\\\/bibliotecavigil.org.ar\\\/inicio\\\/?s={search_term_string}\"},\"query-input\":{\"@type\":\"PropertyValueSpecification\",\"valueRequired\":true,\"valueName\":\"search_term_string\"}}],\"inLanguage\":\"es\"},{\"@type\":\"Organization\",\"@id\":\"https:\\\/\\\/bibliotecavigil.org.ar\\\/inicio\\\/#organization\",\"name\":\"Biblioteca Popular C.C.Vigil\",\"url\":\"https:\\\/\\\/bibliotecavigil.org.ar\\\/inicio\\\/\",\"logo\":{\"@type\":\"ImageObject\",\"inLanguage\":\"es\",\"@id\":\"https:\\\/\\\/bibliotecavigil.org.ar\\\/inicio\\\/#\\\/schema\\\/logo\\\/image\\\/\",\"url\":\"https:\\\/\\\/bibliotecavigil.org.ar\\\/inicio\\\/wp-content\\\/uploads\\\/2023\\\/06\\\/Logo-sin-texto-gif.gif\",\"contentUrl\":\"https:\\\/\\\/bibliotecavigil.org.ar\\\/inicio\\\/wp-content\\\/uploads\\\/2023\\\/06\\\/Logo-sin-texto-gif.gif\",\"width\":1487,\"height\":1604,\"caption\":\"Biblioteca Popular C.C.Vigil\"},\"image\":{\"@id\":\"https:\\\/\\\/bibliotecavigil.org.ar\\\/inicio\\\/#\\\/schema\\\/logo\\\/image\\\/\"}},{\"@type\":\"Person\",\"@id\":\"https:\\\/\\\/bibliotecavigil.org.ar\\\/inicio\\\/#\\\/schema\\\/person\\\/98530bc117d5fa50c5dc01b4fd8d3700\",\"name\":\"Biblioteca Vigil\",\"image\":{\"@type\":\"ImageObject\",\"inLanguage\":\"es\",\"@id\":\"https:\\\/\\\/secure.gravatar.com\\\/avatar\\\/a96b6054dc4c80cde596e2c3f42d23e4f769e395116bf277fb508315b9d8a5c5?s=96&d=mm&r=g\",\"url\":\"https:\\\/\\\/secure.gravatar.com\\\/avatar\\\/a96b6054dc4c80cde596e2c3f42d23e4f769e395116bf277fb508315b9d8a5c5?s=96&d=mm&r=g\",\"contentUrl\":\"https:\\\/\\\/secure.gravatar.com\\\/avatar\\\/a96b6054dc4c80cde596e2c3f42d23e4f769e395116bf277fb508315b9d8a5c5?s=96&d=mm&r=g\",\"caption\":\"Biblioteca Vigil\"},\"url\":\"https:\\\/\\\/bibliotecavigil.org.ar\\\/inicio\\\/author\\\/comunicacion\\\/\"}]}<\/script>\n<!-- \/ Yoast SEO plugin. -->","yoast_head_json":{"title":"Teatro por las Bibliotecas Populares - Biblioteca Vigil","robots":{"index":"index","follow":"follow","max-snippet":"max-snippet:-1","max-image-preview":"max-image-preview:large","max-video-preview":"max-video-preview:-1"},"canonical":"https:\/\/bibliotecavigil.org.ar\/inicio\/teatro-por-las-bibliotecas-populares\/","og_locale":"es_ES","og_type":"article","og_title":"Teatro por las Bibliotecas Populares - Biblioteca Vigil","og_description":"Teatro por las Bibliotecas Populares Una obra de Teatro de T\u00edteres a total beneficio de las Bibliotecas Populares de Rosario, y para visibilizar la cr\u00edtica situaci\u00f3n que atraviesa hoy la CONABIP (Comisi\u00f3n Nacional de Bibliotecas Populares). \u00abOliverio, el de la vuelta\u201d de T\u00edteres La Hormiga. Oliverio es un nene al que todo le sale mal, [&hellip;]","og_url":"https:\/\/bibliotecavigil.org.ar\/inicio\/teatro-por-las-bibliotecas-populares\/","og_site_name":"Biblioteca Vigil","article_published_time":"2025-07-18T20:59:49+00:00","article_modified_time":"2025-07-18T20:59:53+00:00","og_image":[{"width":1586,"height":996,"url":"https:\/\/bibliotecavigil.org.ar\/inicio\/wp-content\/uploads\/2025\/07\/teatro-para-bibliotecas_web.png","type":"image\/png"}],"author":"Biblioteca Vigil","twitter_card":"summary_large_image","twitter_misc":{"Escrito por":"Biblioteca Vigil","Tiempo de lectura":"1 minuto"},"schema":{"@context":"https:\/\/schema.org","@graph":[{"@type":"Article","@id":"https:\/\/bibliotecavigil.org.ar\/inicio\/teatro-por-las-bibliotecas-populares\/#article","isPartOf":{"@id":"https:\/\/bibliotecavigil.org.ar\/inicio\/teatro-por-las-bibliotecas-populares\/"},"author":{"name":"Biblioteca Vigil","@id":"https:\/\/bibliotecavigil.org.ar\/inicio\/#\/schema\/person\/98530bc117d5fa50c5dc01b4fd8d3700"},"headline":"Teatro por las Bibliotecas Populares","datePublished":"2025-07-18T20:59:49+00:00","dateModified":"2025-07-18T20:59:53+00:00","mainEntityOfPage":{"@id":"https:\/\/bibliotecavigil.org.ar\/inicio\/teatro-por-las-bibliotecas-populares\/"},"wordCount":127,"commentCount":0,"publisher":{"@id":"https:\/\/bibliotecavigil.org.ar\/inicio\/#organization"},"image":{"@id":"https:\/\/bibliotecavigil.org.ar\/inicio\/teatro-por-las-bibliotecas-populares\/#primaryimage"},"thumbnailUrl":"https:\/\/bibliotecavigil.org.ar\/inicio\/wp-content\/uploads\/2025\/07\/teatro-para-bibliotecas_web.png","inLanguage":"es","potentialAction":[{"@type":"CommentAction","name":"Comment","target":["https:\/\/bibliotecavigil.org.ar\/inicio\/teatro-por-las-bibliotecas-populares\/#respond"]}]},{"@type":"WebPage","@id":"https:\/\/bibliotecavigil.org.ar\/inicio\/teatro-por-las-bibliotecas-populares\/","url":"https:\/\/bibliotecavigil.org.ar\/inicio\/teatro-por-las-bibliotecas-populares\/","name":"Teatro por las Bibliotecas Populares - Biblioteca Vigil","isPartOf":{"@id":"https:\/\/bibliotecavigil.org.ar\/inicio\/#website"},"primaryImageOfPage":{"@id":"https:\/\/bibliotecavigil.org.ar\/inicio\/teatro-por-las-bibliotecas-populares\/#primaryimage"},"image":{"@id":"https:\/\/bibliotecavigil.org.ar\/inicio\/teatro-por-las-bibliotecas-populares\/#primaryimage"},"thumbnailUrl":"https:\/\/bibliotecavigil.org.ar\/inicio\/wp-content\/uploads\/2025\/07\/teatro-para-bibliotecas_web.png","datePublished":"2025-07-18T20:59:49+00:00","dateModified":"2025-07-18T20:59:53+00:00","breadcrumb":{"@id":"https:\/\/bibliotecavigil.org.ar\/inicio\/teatro-por-las-bibliotecas-populares\/#breadcrumb"},"inLanguage":"es","potentialAction":[{"@type":"ReadAction","target":["https:\/\/bibliotecavigil.org.ar\/inicio\/teatro-por-las-bibliotecas-populares\/"]}]},{"@type":"ImageObject","inLanguage":"es","@id":"https:\/\/bibliotecavigil.org.ar\/inicio\/teatro-por-las-bibliotecas-populares\/#primaryimage","url":"https:\/\/bibliotecavigil.org.ar\/inicio\/wp-content\/uploads\/2025\/07\/teatro-para-bibliotecas_web.png","contentUrl":"https:\/\/bibliotecavigil.org.ar\/inicio\/wp-content\/uploads\/2025\/07\/teatro-para-bibliotecas_web.png","width":1586,"height":996},{"@type":"BreadcrumbList","@id":"https:\/\/bibliotecavigil.org.ar\/inicio\/teatro-por-las-bibliotecas-populares\/#breadcrumb","itemListElement":[{"@type":"ListItem","position":1,"name":"Portada","item":"https:\/\/bibliotecavigil.org.ar\/inicio\/"},{"@type":"ListItem","position":2,"name":"Teatro por las Bibliotecas Populares"}]},{"@type":"WebSite","@id":"https:\/\/bibliotecavigil.org.ar\/inicio\/#website","url":"https:\/\/bibliotecavigil.org.ar\/inicio\/","name":"Biblioteca Vigil","description":"Biblioteca Popular C C Vigil","publisher":{"@id":"https:\/\/bibliotecavigil.org.ar\/inicio\/#organization"},"potentialAction":[{"@type":"SearchAction","target":{"@type":"EntryPoint","urlTemplate":"https:\/\/bibliotecavigil.org.ar\/inicio\/?s={search_term_string}"},"query-input":{"@type":"PropertyValueSpecification","valueRequired":true,"valueName":"search_term_string"}}],"inLanguage":"es"},{"@type":"Organization","@id":"https:\/\/bibliotecavigil.org.ar\/inicio\/#organization","name":"Biblioteca Popular C.C.Vigil","url":"https:\/\/bibliotecavigil.org.ar\/inicio\/","logo":{"@type":"ImageObject","inLanguage":"es","@id":"https:\/\/bibliotecavigil.org.ar\/inicio\/#\/schema\/logo\/image\/","url":"https:\/\/bibliotecavigil.org.ar\/inicio\/wp-content\/uploads\/2023\/06\/Logo-sin-texto-gif.gif","contentUrl":"https:\/\/bibliotecavigil.org.ar\/inicio\/wp-content\/uploads\/2023\/06\/Logo-sin-texto-gif.gif","width":1487,"height":1604,"caption":"Biblioteca Popular C.C.Vigil"},"image":{"@id":"https:\/\/bibliotecavigil.org.ar\/inicio\/#\/schema\/logo\/image\/"}},{"@type":"Person","@id":"https:\/\/bibliotecavigil.org.ar\/inicio\/#\/schema\/person\/98530bc117d5fa50c5dc01b4fd8d3700","name":"Biblioteca Vigil","image":{"@type":"ImageObject","inLanguage":"es","@id":"https:\/\/secure.gravatar.com\/avatar\/a96b6054dc4c80cde596e2c3f42d23e4f769e395116bf277fb508315b9d8a5c5?s=96&d=mm&r=g","url":"https:\/\/secure.gravatar.com\/avatar\/a96b6054dc4c80cde596e2c3f42d23e4f769e395116bf277fb508315b9d8a5c5?s=96&d=mm&r=g","contentUrl":"https:\/\/secure.gravatar.com\/avatar\/a96b6054dc4c80cde596e2c3f42d23e4f769e395116bf277fb508315b9d8a5c5?s=96&d=mm&r=g","caption":"Biblioteca Vigil"},"url":"https:\/\/bibliotecavigil.org.ar\/inicio\/author\/comunicacion\/"}]}},"_links":{"self":[{"href":"https:\/\/bibliotecavigil.org.ar\/inicio\/wp-json\/wp\/v2\/posts\/33550","targetHints":{"allow":["GET"]}}],"collection":[{"href":"https:\/\/bibliotecavigil.org.ar\/inicio\/wp-json\/wp\/v2\/posts"}],"about":[{"href":"https:\/\/bibliotecavigil.org.ar\/inicio\/wp-json\/wp\/v2\/types\/post"}],"author":[{"embeddable":true,"href":"https:\/\/bibliotecavigil.org.ar\/inicio\/wp-json\/wp\/v2\/users\/3"}],"replies":[{"embeddable":true,"href":"https:\/\/bibliotecavigil.org.ar\/inicio\/wp-json\/wp\/v2\/comments?post=33550"}],"version-history":[{"count":1,"href":"https:\/\/bibliotecavigil.org.ar\/inicio\/wp-json\/wp\/v2\/posts\/33550\/revisions"}],"predecessor-version":[{"id":33554,"href":"https:\/\/bibliotecavigil.org.ar\/inicio\/wp-json\/wp\/v2\/posts\/33550\/revisions\/33554"}],"wp:featuredmedia":[{"embeddable":true,"href":"https:\/\/bibliotecavigil.org.ar\/inicio\/wp-json\/wp\/v2\/media\/33552"}],"wp:attachment":[{"href":"https:\/\/bibliotecavigil.org.ar\/inicio\/wp-json\/wp\/v2\/media?parent=33550"}],"wp:term":[{"taxonomy":"category","embeddable":true,"href":"https:\/\/bibliotecavigil.org.ar\/inicio\/wp-json\/wp\/v2\/categories?post=33550"},{"taxonomy":"post_tag","embeddable":true,"href":"https:\/\/bibliotecavigil.org.ar\/inicio\/wp-json\/wp\/v2\/tags?post=33550"}],"curies":[{"name":"wp","href":"https:\/\/api.w.org\/{rel}","templated":true}]}}