{"id":33946,"date":"2025-11-07T16:15:18","date_gmt":"2025-11-07T19:15:18","guid":{"rendered":"https:\/\/bibliotecavigil.org.ar\/inicio\/?p=33946"},"modified":"2025-11-07T16:49:08","modified_gmt":"2025-11-07T19:49:08","slug":"recorrido-guiado-nocturno-y-abierto-de-la-vigil","status":"publish","type":"post","link":"https:\/\/bibliotecavigil.org.ar\/inicio\/recorrido-guiado-nocturno-y-abierto-de-la-vigil\/","title":{"rendered":"Recorrido Guiado Nocturno y Abierto de La Vigil"},"content":{"rendered":"\n<p>\u25baEl \u00faltimo recorrido guiado del a\u00f1o se acerca, y queremos invitarte compartiendo una historia que nos conmueve profundamente: la de Elda Figliolo.<\/p>\n\n\n\n<p>\u201cTrabaj\u00e9 en La Vigil como bibliotecaria m\u00e1s o menos 15 a\u00f1os y en 1975 pas\u00e9 a la secci\u00f3n bonos, secretar\u00eda y directorio en Gaboto 450.<\/p>\n\n\n\n<p>Entraron vestidos con uniforme y hab\u00eda otros de civil. Fue un ingreso ruidoso, estaban armados. Mi horario habitual era de 6 de la ma\u00f1ana a 2 de la tarde. Cuando yo llegaba, ellos ya estaban ah\u00ed, no se iban, estaban siempre ah\u00ed. En la biblioteca buscaban fichas de los libros y me ped\u00edan el domicilio de cada una de esas personas.<\/p>\n\n\n\n<p>Este se\u00f1or Ibarra, me pide los datos de alguna gente. Un vecino estaba en la lista\u2026 lo paso de largo y me dice con el arma: &#8216;no te hagas la est\u00fapida, dame esa direcci\u00f3n&#8217;. Se la doy. Pas\u00e9 por su domicilio y le avis\u00e9. Entr\u00f3 como bala y al d\u00eda siguiente \u00e9l y su familia se fueron. Despu\u00e9s supe que entraron y revolvieron todo.<\/p>\n\n\n\n<p>A los 10 a\u00f1os, cuando este hombre volvi\u00f3, me abrazaba y me dec\u00eda que yo le hab\u00eda salvado la vida.\u201d<\/p>\n\n\n\n<p>Historias como la de Elda nos recuerdan la fuerza que habitan en la memoria de nuestra comunidad.<\/p>\n\n\n\n<p>\u25ac Te invitamos a ser parte del <strong>Recorrido Guiado Nocturno y Abierto de La Vigil, el jueves 13 de noviembre a las 18h, en Alem 3078.<\/strong><\/p>\n\n\n\n<p>Sigamos juntxs construyendo Memoria.<\/p>\n\n\n\n<p>Fuente: Testimonio de Elda Figliolo con fecha 24.08.2015 en Expte. N\u00b0 30\/12DH. Cuerpo: IV. Fs. 756-75.<\/p>\n\n\n\n<figure class=\"wp-block-image size-large\"><a href=\"https:\/\/bibliotecavigil.org.ar\/inicio\/wp-content\/uploads\/2025\/11\/WhatsApp-Image-2025-11-07-at-16.16.38.jpeg\"><img decoding=\"async\" width=\"1024\" height=\"1024\" data-src=\"https:\/\/bibliotecavigil.org.ar\/inicio\/wp-content\/uploads\/2025\/11\/WhatsApp-Image-2025-11-07-at-16.16.38-1024x1024.jpeg\" alt=\"\" class=\"wp-image-33947 lazyload\" data-srcset=\"https:\/\/bibliotecavigil.org.ar\/inicio\/wp-content\/uploads\/2025\/11\/WhatsApp-Image-2025-11-07-at-16.16.38-1024x1024.jpeg 1024w, https:\/\/bibliotecavigil.org.ar\/inicio\/wp-content\/uploads\/2025\/11\/WhatsApp-Image-2025-11-07-at-16.16.38-980x980.jpeg 980w, https:\/\/bibliotecavigil.org.ar\/inicio\/wp-content\/uploads\/2025\/11\/WhatsApp-Image-2025-11-07-at-16.16.38-480x480.jpeg 480w\" data-sizes=\"(min-width: 0px) and (max-width: 480px) 480px, (min-width: 481px) and (max-width: 980px) 980px, (min-width: 981px) 1024px, 100vw\" src=\"data:image\/svg+xml;base64,PHN2ZyB3aWR0aD0iMSIgaGVpZ2h0PSIxIiB4bWxucz0iaHR0cDovL3d3dy53My5vcmcvMjAwMC9zdmciPjwvc3ZnPg==\" style=\"--smush-placeholder-width: 1024px; --smush-placeholder-aspect-ratio: 1024\/1024;\" \/><\/a><\/figure>\n","protected":false},"excerpt":{"rendered":"<p>\u25baEl \u00faltimo recorrido guiado del a\u00f1o se acerca, y queremos invitarte compartiendo una historia que nos conmueve profundamente: la de Elda Figliolo. \u201cTrabaj\u00e9 en La Vigil como bibliotecaria m\u00e1s o menos 15 a\u00f1os y en 1975 pas\u00e9 a la secci\u00f3n bonos, secretar\u00eda y directorio en Gaboto 450. Entraron vestidos con uniforme y hab\u00eda otros de [&hellip;]<\/p>\n","protected":false},"author":3,"featured_media":33762,"comment_status":"open","ping_status":"open","sticky":false,"template":"","format":"standard","meta":{"_et_pb_use_builder":"off","_et_pb_old_content":"","_et_gb_content_width":"1920","footnotes":""},"categories":[1],"tags":[],"class_list":["post-33946","post","type-post","status-publish","format-standard","has-post-thumbnail","hentry","category-sin-categoria"],"yoast_head":"<!-- This site is optimized with the Yoast SEO plugin v27.5 - https:\/\/yoast.com\/product\/yoast-seo-wordpress\/ -->\n<title>Recorrido Guiado Nocturno y Abierto de La Vigil - Biblioteca Vigil<\/title>\n<meta name=\"robots\" content=\"index, follow, max-snippet:-1, max-image-preview:large, max-video-preview:-1\" \/>\n<link rel=\"canonical\" href=\"https:\/\/bibliotecavigil.org.ar\/inicio\/recorrido-guiado-nocturno-y-abierto-de-la-vigil\/\" \/>\n<meta property=\"og:locale\" content=\"es_ES\" \/>\n<meta property=\"og:type\" content=\"article\" \/>\n<meta property=\"og:title\" content=\"Recorrido Guiado Nocturno y Abierto de La Vigil - Biblioteca Vigil\" \/>\n<meta property=\"og:description\" content=\"\u25baEl \u00faltimo recorrido guiado del a\u00f1o se acerca, y queremos invitarte compartiendo una historia que nos conmueve profundamente: la de Elda Figliolo. \u201cTrabaj\u00e9 en La Vigil como bibliotecaria m\u00e1s o menos 15 a\u00f1os y en 1975 pas\u00e9 a la secci\u00f3n bonos, secretar\u00eda y directorio en Gaboto 450. Entraron vestidos con uniforme y hab\u00eda otros de [&hellip;]\" \/>\n<meta property=\"og:url\" content=\"https:\/\/bibliotecavigil.org.ar\/inicio\/recorrido-guiado-nocturno-y-abierto-de-la-vigil\/\" \/>\n<meta property=\"og:site_name\" content=\"Biblioteca Vigil\" \/>\n<meta property=\"article:published_time\" content=\"2025-11-07T19:15:18+00:00\" \/>\n<meta property=\"article:modified_time\" content=\"2025-11-07T19:49:08+00:00\" \/>\n<meta property=\"og:image\" content=\"https:\/\/bibliotecavigil.org.ar\/inicio\/wp-content\/uploads\/2025\/09\/grafica_2025-web.jpg\" \/>\n\t<meta property=\"og:image:width\" content=\"1586\" \/>\n\t<meta property=\"og:image:height\" content=\"996\" \/>\n\t<meta property=\"og:image:type\" content=\"image\/jpeg\" \/>\n<meta name=\"author\" content=\"Biblioteca Vigil\" \/>\n<meta name=\"twitter:card\" content=\"summary_large_image\" \/>\n<meta name=\"twitter:label1\" content=\"Escrito por\" \/>\n\t<meta name=\"twitter:data1\" content=\"Biblioteca Vigil\" \/>\n\t<meta name=\"twitter:label2\" content=\"Tiempo de lectura\" \/>\n\t<meta name=\"twitter:data2\" content=\"2 minutos\" \/>\n<script type=\"application\/ld+json\" class=\"yoast-schema-graph\">{\"@context\":\"https:\\\/\\\/schema.org\",\"@graph\":[{\"@type\":\"Article\",\"@id\":\"https:\\\/\\\/bibliotecavigil.org.ar\\\/inicio\\\/recorrido-guiado-nocturno-y-abierto-de-la-vigil\\\/#article\",\"isPartOf\":{\"@id\":\"https:\\\/\\\/bibliotecavigil.org.ar\\\/inicio\\\/recorrido-guiado-nocturno-y-abierto-de-la-vigil\\\/\"},\"author\":{\"name\":\"Biblioteca Vigil\",\"@id\":\"https:\\\/\\\/bibliotecavigil.org.ar\\\/inicio\\\/#\\\/schema\\\/person\\\/98530bc117d5fa50c5dc01b4fd8d3700\"},\"headline\":\"Recorrido Guiado Nocturno y Abierto de La Vigil\",\"datePublished\":\"2025-11-07T19:15:18+00:00\",\"dateModified\":\"2025-11-07T19:49:08+00:00\",\"mainEntityOfPage\":{\"@id\":\"https:\\\/\\\/bibliotecavigil.org.ar\\\/inicio\\\/recorrido-guiado-nocturno-y-abierto-de-la-vigil\\\/\"},\"wordCount\":269,\"commentCount\":0,\"publisher\":{\"@id\":\"https:\\\/\\\/bibliotecavigil.org.ar\\\/inicio\\\/#organization\"},\"image\":{\"@id\":\"https:\\\/\\\/bibliotecavigil.org.ar\\\/inicio\\\/recorrido-guiado-nocturno-y-abierto-de-la-vigil\\\/#primaryimage\"},\"thumbnailUrl\":\"https:\\\/\\\/bibliotecavigil.org.ar\\\/inicio\\\/wp-content\\\/uploads\\\/2025\\\/09\\\/grafica_2025-web.jpg\",\"inLanguage\":\"es\",\"potentialAction\":[{\"@type\":\"CommentAction\",\"name\":\"Comment\",\"target\":[\"https:\\\/\\\/bibliotecavigil.org.ar\\\/inicio\\\/recorrido-guiado-nocturno-y-abierto-de-la-vigil\\\/#respond\"]}]},{\"@type\":\"WebPage\",\"@id\":\"https:\\\/\\\/bibliotecavigil.org.ar\\\/inicio\\\/recorrido-guiado-nocturno-y-abierto-de-la-vigil\\\/\",\"url\":\"https:\\\/\\\/bibliotecavigil.org.ar\\\/inicio\\\/recorrido-guiado-nocturno-y-abierto-de-la-vigil\\\/\",\"name\":\"Recorrido Guiado Nocturno y Abierto de La Vigil - Biblioteca Vigil\",\"isPartOf\":{\"@id\":\"https:\\\/\\\/bibliotecavigil.org.ar\\\/inicio\\\/#website\"},\"primaryImageOfPage\":{\"@id\":\"https:\\\/\\\/bibliotecavigil.org.ar\\\/inicio\\\/recorrido-guiado-nocturno-y-abierto-de-la-vigil\\\/#primaryimage\"},\"image\":{\"@id\":\"https:\\\/\\\/bibliotecavigil.org.ar\\\/inicio\\\/recorrido-guiado-nocturno-y-abierto-de-la-vigil\\\/#primaryimage\"},\"thumbnailUrl\":\"https:\\\/\\\/bibliotecavigil.org.ar\\\/inicio\\\/wp-content\\\/uploads\\\/2025\\\/09\\\/grafica_2025-web.jpg\",\"datePublished\":\"2025-11-07T19:15:18+00:00\",\"dateModified\":\"2025-11-07T19:49:08+00:00\",\"breadcrumb\":{\"@id\":\"https:\\\/\\\/bibliotecavigil.org.ar\\\/inicio\\\/recorrido-guiado-nocturno-y-abierto-de-la-vigil\\\/#breadcrumb\"},\"inLanguage\":\"es\",\"potentialAction\":[{\"@type\":\"ReadAction\",\"target\":[\"https:\\\/\\\/bibliotecavigil.org.ar\\\/inicio\\\/recorrido-guiado-nocturno-y-abierto-de-la-vigil\\\/\"]}]},{\"@type\":\"ImageObject\",\"inLanguage\":\"es\",\"@id\":\"https:\\\/\\\/bibliotecavigil.org.ar\\\/inicio\\\/recorrido-guiado-nocturno-y-abierto-de-la-vigil\\\/#primaryimage\",\"url\":\"https:\\\/\\\/bibliotecavigil.org.ar\\\/inicio\\\/wp-content\\\/uploads\\\/2025\\\/09\\\/grafica_2025-web.jpg\",\"contentUrl\":\"https:\\\/\\\/bibliotecavigil.org.ar\\\/inicio\\\/wp-content\\\/uploads\\\/2025\\\/09\\\/grafica_2025-web.jpg\",\"width\":1586,\"height\":996},{\"@type\":\"BreadcrumbList\",\"@id\":\"https:\\\/\\\/bibliotecavigil.org.ar\\\/inicio\\\/recorrido-guiado-nocturno-y-abierto-de-la-vigil\\\/#breadcrumb\",\"itemListElement\":[{\"@type\":\"ListItem\",\"position\":1,\"name\":\"Portada\",\"item\":\"https:\\\/\\\/bibliotecavigil.org.ar\\\/inicio\\\/\"},{\"@type\":\"ListItem\",\"position\":2,\"name\":\"Recorrido Guiado Nocturno y Abierto de La Vigil\"}]},{\"@type\":\"WebSite\",\"@id\":\"https:\\\/\\\/bibliotecavigil.org.ar\\\/inicio\\\/#website\",\"url\":\"https:\\\/\\\/bibliotecavigil.org.ar\\\/inicio\\\/\",\"name\":\"Biblioteca Vigil\",\"description\":\"Biblioteca Popular C C Vigil\",\"publisher\":{\"@id\":\"https:\\\/\\\/bibliotecavigil.org.ar\\\/inicio\\\/#organization\"},\"potentialAction\":[{\"@type\":\"SearchAction\",\"target\":{\"@type\":\"EntryPoint\",\"urlTemplate\":\"https:\\\/\\\/bibliotecavigil.org.ar\\\/inicio\\\/?s={search_term_string}\"},\"query-input\":{\"@type\":\"PropertyValueSpecification\",\"valueRequired\":true,\"valueName\":\"search_term_string\"}}],\"inLanguage\":\"es\"},{\"@type\":\"Organization\",\"@id\":\"https:\\\/\\\/bibliotecavigil.org.ar\\\/inicio\\\/#organization\",\"name\":\"Biblioteca Popular C.C.Vigil\",\"url\":\"https:\\\/\\\/bibliotecavigil.org.ar\\\/inicio\\\/\",\"logo\":{\"@type\":\"ImageObject\",\"inLanguage\":\"es\",\"@id\":\"https:\\\/\\\/bibliotecavigil.org.ar\\\/inicio\\\/#\\\/schema\\\/logo\\\/image\\\/\",\"url\":\"https:\\\/\\\/bibliotecavigil.org.ar\\\/inicio\\\/wp-content\\\/uploads\\\/2023\\\/06\\\/Logo-sin-texto-gif.gif\",\"contentUrl\":\"https:\\\/\\\/bibliotecavigil.org.ar\\\/inicio\\\/wp-content\\\/uploads\\\/2023\\\/06\\\/Logo-sin-texto-gif.gif\",\"width\":1487,\"height\":1604,\"caption\":\"Biblioteca Popular C.C.Vigil\"},\"image\":{\"@id\":\"https:\\\/\\\/bibliotecavigil.org.ar\\\/inicio\\\/#\\\/schema\\\/logo\\\/image\\\/\"}},{\"@type\":\"Person\",\"@id\":\"https:\\\/\\\/bibliotecavigil.org.ar\\\/inicio\\\/#\\\/schema\\\/person\\\/98530bc117d5fa50c5dc01b4fd8d3700\",\"name\":\"Biblioteca Vigil\",\"image\":{\"@type\":\"ImageObject\",\"inLanguage\":\"es\",\"@id\":\"https:\\\/\\\/secure.gravatar.com\\\/avatar\\\/a96b6054dc4c80cde596e2c3f42d23e4f769e395116bf277fb508315b9d8a5c5?s=96&d=mm&r=g\",\"url\":\"https:\\\/\\\/secure.gravatar.com\\\/avatar\\\/a96b6054dc4c80cde596e2c3f42d23e4f769e395116bf277fb508315b9d8a5c5?s=96&d=mm&r=g\",\"contentUrl\":\"https:\\\/\\\/secure.gravatar.com\\\/avatar\\\/a96b6054dc4c80cde596e2c3f42d23e4f769e395116bf277fb508315b9d8a5c5?s=96&d=mm&r=g\",\"caption\":\"Biblioteca Vigil\"},\"url\":\"https:\\\/\\\/bibliotecavigil.org.ar\\\/inicio\\\/author\\\/comunicacion\\\/\"}]}<\/script>\n<!-- \/ Yoast SEO plugin. -->","yoast_head_json":{"title":"Recorrido Guiado Nocturno y Abierto de La Vigil - Biblioteca Vigil","robots":{"index":"index","follow":"follow","max-snippet":"max-snippet:-1","max-image-preview":"max-image-preview:large","max-video-preview":"max-video-preview:-1"},"canonical":"https:\/\/bibliotecavigil.org.ar\/inicio\/recorrido-guiado-nocturno-y-abierto-de-la-vigil\/","og_locale":"es_ES","og_type":"article","og_title":"Recorrido Guiado Nocturno y Abierto de La Vigil - Biblioteca Vigil","og_description":"\u25baEl \u00faltimo recorrido guiado del a\u00f1o se acerca, y queremos invitarte compartiendo una historia que nos conmueve profundamente: la de Elda Figliolo. \u201cTrabaj\u00e9 en La Vigil como bibliotecaria m\u00e1s o menos 15 a\u00f1os y en 1975 pas\u00e9 a la secci\u00f3n bonos, secretar\u00eda y directorio en Gaboto 450. Entraron vestidos con uniforme y hab\u00eda otros de [&hellip;]","og_url":"https:\/\/bibliotecavigil.org.ar\/inicio\/recorrido-guiado-nocturno-y-abierto-de-la-vigil\/","og_site_name":"Biblioteca Vigil","article_published_time":"2025-11-07T19:15:18+00:00","article_modified_time":"2025-11-07T19:49:08+00:00","og_image":[{"width":1586,"height":996,"url":"https:\/\/bibliotecavigil.org.ar\/inicio\/wp-content\/uploads\/2025\/09\/grafica_2025-web.jpg","type":"image\/jpeg"}],"author":"Biblioteca Vigil","twitter_card":"summary_large_image","twitter_misc":{"Escrito por":"Biblioteca Vigil","Tiempo de lectura":"2 minutos"},"schema":{"@context":"https:\/\/schema.org","@graph":[{"@type":"Article","@id":"https:\/\/bibliotecavigil.org.ar\/inicio\/recorrido-guiado-nocturno-y-abierto-de-la-vigil\/#article","isPartOf":{"@id":"https:\/\/bibliotecavigil.org.ar\/inicio\/recorrido-guiado-nocturno-y-abierto-de-la-vigil\/"},"author":{"name":"Biblioteca Vigil","@id":"https:\/\/bibliotecavigil.org.ar\/inicio\/#\/schema\/person\/98530bc117d5fa50c5dc01b4fd8d3700"},"headline":"Recorrido Guiado Nocturno y Abierto de La Vigil","datePublished":"2025-11-07T19:15:18+00:00","dateModified":"2025-11-07T19:49:08+00:00","mainEntityOfPage":{"@id":"https:\/\/bibliotecavigil.org.ar\/inicio\/recorrido-guiado-nocturno-y-abierto-de-la-vigil\/"},"wordCount":269,"commentCount":0,"publisher":{"@id":"https:\/\/bibliotecavigil.org.ar\/inicio\/#organization"},"image":{"@id":"https:\/\/bibliotecavigil.org.ar\/inicio\/recorrido-guiado-nocturno-y-abierto-de-la-vigil\/#primaryimage"},"thumbnailUrl":"https:\/\/bibliotecavigil.org.ar\/inicio\/wp-content\/uploads\/2025\/09\/grafica_2025-web.jpg","inLanguage":"es","potentialAction":[{"@type":"CommentAction","name":"Comment","target":["https:\/\/bibliotecavigil.org.ar\/inicio\/recorrido-guiado-nocturno-y-abierto-de-la-vigil\/#respond"]}]},{"@type":"WebPage","@id":"https:\/\/bibliotecavigil.org.ar\/inicio\/recorrido-guiado-nocturno-y-abierto-de-la-vigil\/","url":"https:\/\/bibliotecavigil.org.ar\/inicio\/recorrido-guiado-nocturno-y-abierto-de-la-vigil\/","name":"Recorrido Guiado Nocturno y Abierto de La Vigil - Biblioteca Vigil","isPartOf":{"@id":"https:\/\/bibliotecavigil.org.ar\/inicio\/#website"},"primaryImageOfPage":{"@id":"https:\/\/bibliotecavigil.org.ar\/inicio\/recorrido-guiado-nocturno-y-abierto-de-la-vigil\/#primaryimage"},"image":{"@id":"https:\/\/bibliotecavigil.org.ar\/inicio\/recorrido-guiado-nocturno-y-abierto-de-la-vigil\/#primaryimage"},"thumbnailUrl":"https:\/\/bibliotecavigil.org.ar\/inicio\/wp-content\/uploads\/2025\/09\/grafica_2025-web.jpg","datePublished":"2025-11-07T19:15:18+00:00","dateModified":"2025-11-07T19:49:08+00:00","breadcrumb":{"@id":"https:\/\/bibliotecavigil.org.ar\/inicio\/recorrido-guiado-nocturno-y-abierto-de-la-vigil\/#breadcrumb"},"inLanguage":"es","potentialAction":[{"@type":"ReadAction","target":["https:\/\/bibliotecavigil.org.ar\/inicio\/recorrido-guiado-nocturno-y-abierto-de-la-vigil\/"]}]},{"@type":"ImageObject","inLanguage":"es","@id":"https:\/\/bibliotecavigil.org.ar\/inicio\/recorrido-guiado-nocturno-y-abierto-de-la-vigil\/#primaryimage","url":"https:\/\/bibliotecavigil.org.ar\/inicio\/wp-content\/uploads\/2025\/09\/grafica_2025-web.jpg","contentUrl":"https:\/\/bibliotecavigil.org.ar\/inicio\/wp-content\/uploads\/2025\/09\/grafica_2025-web.jpg","width":1586,"height":996},{"@type":"BreadcrumbList","@id":"https:\/\/bibliotecavigil.org.ar\/inicio\/recorrido-guiado-nocturno-y-abierto-de-la-vigil\/#breadcrumb","itemListElement":[{"@type":"ListItem","position":1,"name":"Portada","item":"https:\/\/bibliotecavigil.org.ar\/inicio\/"},{"@type":"ListItem","position":2,"name":"Recorrido Guiado Nocturno y Abierto de La Vigil"}]},{"@type":"WebSite","@id":"https:\/\/bibliotecavigil.org.ar\/inicio\/#website","url":"https:\/\/bibliotecavigil.org.ar\/inicio\/","name":"Biblioteca Vigil","description":"Biblioteca Popular C C Vigil","publisher":{"@id":"https:\/\/bibliotecavigil.org.ar\/inicio\/#organization"},"potentialAction":[{"@type":"SearchAction","target":{"@type":"EntryPoint","urlTemplate":"https:\/\/bibliotecavigil.org.ar\/inicio\/?s={search_term_string}"},"query-input":{"@type":"PropertyValueSpecification","valueRequired":true,"valueName":"search_term_string"}}],"inLanguage":"es"},{"@type":"Organization","@id":"https:\/\/bibliotecavigil.org.ar\/inicio\/#organization","name":"Biblioteca Popular C.C.Vigil","url":"https:\/\/bibliotecavigil.org.ar\/inicio\/","logo":{"@type":"ImageObject","inLanguage":"es","@id":"https:\/\/bibliotecavigil.org.ar\/inicio\/#\/schema\/logo\/image\/","url":"https:\/\/bibliotecavigil.org.ar\/inicio\/wp-content\/uploads\/2023\/06\/Logo-sin-texto-gif.gif","contentUrl":"https:\/\/bibliotecavigil.org.ar\/inicio\/wp-content\/uploads\/2023\/06\/Logo-sin-texto-gif.gif","width":1487,"height":1604,"caption":"Biblioteca Popular C.C.Vigil"},"image":{"@id":"https:\/\/bibliotecavigil.org.ar\/inicio\/#\/schema\/logo\/image\/"}},{"@type":"Person","@id":"https:\/\/bibliotecavigil.org.ar\/inicio\/#\/schema\/person\/98530bc117d5fa50c5dc01b4fd8d3700","name":"Biblioteca Vigil","image":{"@type":"ImageObject","inLanguage":"es","@id":"https:\/\/secure.gravatar.com\/avatar\/a96b6054dc4c80cde596e2c3f42d23e4f769e395116bf277fb508315b9d8a5c5?s=96&d=mm&r=g","url":"https:\/\/secure.gravatar.com\/avatar\/a96b6054dc4c80cde596e2c3f42d23e4f769e395116bf277fb508315b9d8a5c5?s=96&d=mm&r=g","contentUrl":"https:\/\/secure.gravatar.com\/avatar\/a96b6054dc4c80cde596e2c3f42d23e4f769e395116bf277fb508315b9d8a5c5?s=96&d=mm&r=g","caption":"Biblioteca Vigil"},"url":"https:\/\/bibliotecavigil.org.ar\/inicio\/author\/comunicacion\/"}]}},"_links":{"self":[{"href":"https:\/\/bibliotecavigil.org.ar\/inicio\/wp-json\/wp\/v2\/posts\/33946","targetHints":{"allow":["GET"]}}],"collection":[{"href":"https:\/\/bibliotecavigil.org.ar\/inicio\/wp-json\/wp\/v2\/posts"}],"about":[{"href":"https:\/\/bibliotecavigil.org.ar\/inicio\/wp-json\/wp\/v2\/types\/post"}],"author":[{"embeddable":true,"href":"https:\/\/bibliotecavigil.org.ar\/inicio\/wp-json\/wp\/v2\/users\/3"}],"replies":[{"embeddable":true,"href":"https:\/\/bibliotecavigil.org.ar\/inicio\/wp-json\/wp\/v2\/comments?post=33946"}],"version-history":[{"count":2,"href":"https:\/\/bibliotecavigil.org.ar\/inicio\/wp-json\/wp\/v2\/posts\/33946\/revisions"}],"predecessor-version":[{"id":33950,"href":"https:\/\/bibliotecavigil.org.ar\/inicio\/wp-json\/wp\/v2\/posts\/33946\/revisions\/33950"}],"wp:featuredmedia":[{"embeddable":true,"href":"https:\/\/bibliotecavigil.org.ar\/inicio\/wp-json\/wp\/v2\/media\/33762"}],"wp:attachment":[{"href":"https:\/\/bibliotecavigil.org.ar\/inicio\/wp-json\/wp\/v2\/media?parent=33946"}],"wp:term":[{"taxonomy":"category","embeddable":true,"href":"https:\/\/bibliotecavigil.org.ar\/inicio\/wp-json\/wp\/v2\/categories?post=33946"},{"taxonomy":"post_tag","embeddable":true,"href":"https:\/\/bibliotecavigil.org.ar\/inicio\/wp-json\/wp\/v2\/tags?post=33946"}],"curies":[{"name":"wp","href":"https:\/\/api.w.org\/{rel}","templated":true}]}}