{"id":33966,"date":"2025-11-14T16:30:48","date_gmt":"2025-11-14T19:30:48","guid":{"rendered":"https:\/\/bibliotecavigil.org.ar\/inicio\/?p=33966"},"modified":"2025-11-14T16:30:50","modified_gmt":"2025-11-14T19:30:50","slug":"llega-la-mostra-de-talleres-de-fin-de-ano","status":"publish","type":"post","link":"https:\/\/bibliotecavigil.org.ar\/inicio\/llega-la-mostra-de-talleres-de-fin-de-ano\/","title":{"rendered":"\u00a1Llega La Mostra de Talleres de Fin de A\u00f1o!"},"content":{"rendered":"\n<p>Un festejo de 4 d\u00edas para compartir todo lo que hicimos, aprendimos y creamos durante el a\u00f1o.<\/p>\n\n\n\n<p>&#x1f4c5; <strong>Del martes 25 al viernes 28 de noviembre<\/strong><br>&#x1f4cd; <strong>Teatro Vigil (Alem 3086)<\/strong> y <strong>Sede Gaboto (Gaboto 450)<\/strong><br>&#x1f555; Desde las 18:30 h<\/p>\n\n\n\n<p>Habr\u00e1 artes esc\u00e9nicas, clases abiertas, stands, muestras fijas y mucho m\u00e1s.<br>El \u00faltimo d\u00eda nos quedamos a celebrar el 2025 con m\u00fasica y bufete.<\/p>\n\n\n\n<p>Te esperamos para compartir juntxs la potencia de nuestros talleres &#x1f49c;<\/p>\n\n\n\n<p><\/p>\n\n\n\n<figure class=\"wp-block-image size-large\"><a href=\"https:\/\/bibliotecavigil.org.ar\/inicio\/wp-content\/uploads\/2025\/11\/WhatsApp-Image-2025-11-14-at-4.27.54-PM-2.jpeg\"><img decoding=\"async\" width=\"724\" height=\"1024\" data-src=\"https:\/\/bibliotecavigil.org.ar\/inicio\/wp-content\/uploads\/2025\/11\/WhatsApp-Image-2025-11-14-at-4.27.54-PM-2-724x1024.jpeg\" alt=\"\" class=\"wp-image-33970 lazyload\" data-srcset=\"https:\/\/bibliotecavigil.org.ar\/inicio\/wp-content\/uploads\/2025\/11\/WhatsApp-Image-2025-11-14-at-4.27.54-PM-2-724x1024.jpeg 724w, https:\/\/bibliotecavigil.org.ar\/inicio\/wp-content\/uploads\/2025\/11\/WhatsApp-Image-2025-11-14-at-4.27.54-PM-2-480x679.jpeg 480w\" data-sizes=\"(min-width: 0px) and (max-width: 480px) 480px, (min-width: 481px) 724px, 100vw\" src=\"data:image\/svg+xml;base64,PHN2ZyB3aWR0aD0iMSIgaGVpZ2h0PSIxIiB4bWxucz0iaHR0cDovL3d3dy53My5vcmcvMjAwMC9zdmciPjwvc3ZnPg==\" style=\"--smush-placeholder-width: 724px; --smush-placeholder-aspect-ratio: 724\/1024;\" \/><\/a><\/figure>\n","protected":false},"excerpt":{"rendered":"<p>Un festejo de 4 d\u00edas para compartir todo lo que hicimos, aprendimos y creamos durante el a\u00f1o. &#x1f4c5; Del martes 25 al viernes 28 de noviembre&#x1f4cd; Teatro Vigil (Alem 3086) y Sede Gaboto (Gaboto 450)&#x1f555; Desde las 18:30 h Habr\u00e1 artes esc\u00e9nicas, clases abiertas, stands, muestras fijas y mucho m\u00e1s.El \u00faltimo d\u00eda nos quedamos a [&hellip;]<\/p>\n","protected":false},"author":3,"featured_media":33968,"comment_status":"open","ping_status":"open","sticky":false,"template":"","format":"standard","meta":{"_et_pb_use_builder":"off","_et_pb_old_content":"","_et_gb_content_width":"1920","footnotes":""},"categories":[1],"tags":[],"class_list":["post-33966","post","type-post","status-publish","format-standard","has-post-thumbnail","hentry","category-sin-categoria"],"yoast_head":"<!-- This site is optimized with the Yoast SEO plugin v27.5 - https:\/\/yoast.com\/product\/yoast-seo-wordpress\/ -->\n<title>\u00a1Llega La Mostra de Talleres de Fin de A\u00f1o! - Biblioteca Vigil<\/title>\n<meta name=\"robots\" content=\"index, follow, max-snippet:-1, max-image-preview:large, max-video-preview:-1\" \/>\n<link rel=\"canonical\" href=\"https:\/\/bibliotecavigil.org.ar\/inicio\/llega-la-mostra-de-talleres-de-fin-de-ano\/\" \/>\n<meta property=\"og:locale\" content=\"es_ES\" \/>\n<meta property=\"og:type\" content=\"article\" \/>\n<meta property=\"og:title\" content=\"\u00a1Llega La Mostra de Talleres de Fin de A\u00f1o! - Biblioteca Vigil\" \/>\n<meta property=\"og:description\" content=\"Un festejo de 4 d\u00edas para compartir todo lo que hicimos, aprendimos y creamos durante el a\u00f1o. &#x1f4c5; Del martes 25 al viernes 28 de noviembre&#x1f4cd; Teatro Vigil (Alem 3086) y Sede Gaboto (Gaboto 450)&#x1f555; Desde las 18:30 h Habr\u00e1 artes esc\u00e9nicas, clases abiertas, stands, muestras fijas y mucho m\u00e1s.El \u00faltimo d\u00eda nos quedamos a [&hellip;]\" \/>\n<meta property=\"og:url\" content=\"https:\/\/bibliotecavigil.org.ar\/inicio\/llega-la-mostra-de-talleres-de-fin-de-ano\/\" \/>\n<meta property=\"og:site_name\" content=\"Biblioteca Vigil\" \/>\n<meta property=\"article:published_time\" content=\"2025-11-14T19:30:48+00:00\" \/>\n<meta property=\"article:modified_time\" content=\"2025-11-14T19:30:50+00:00\" \/>\n<meta property=\"og:image\" content=\"https:\/\/bibliotecavigil.org.ar\/inicio\/wp-content\/uploads\/2025\/11\/La-mostra-completo_WEB.png\" \/>\n\t<meta property=\"og:image:width\" content=\"500\" \/>\n\t<meta property=\"og:image:height\" content=\"262\" \/>\n\t<meta property=\"og:image:type\" content=\"image\/png\" \/>\n<meta name=\"author\" content=\"Biblioteca Vigil\" \/>\n<meta name=\"twitter:card\" content=\"summary_large_image\" \/>\n<meta name=\"twitter:label1\" content=\"Escrito por\" \/>\n\t<meta name=\"twitter:data1\" content=\"Biblioteca Vigil\" \/>\n\t<meta name=\"twitter:label2\" content=\"Tiempo de lectura\" \/>\n\t<meta name=\"twitter:data2\" content=\"1 minuto\" \/>\n<script type=\"application\/ld+json\" class=\"yoast-schema-graph\">{\"@context\":\"https:\\\/\\\/schema.org\",\"@graph\":[{\"@type\":\"Article\",\"@id\":\"https:\\\/\\\/bibliotecavigil.org.ar\\\/inicio\\\/llega-la-mostra-de-talleres-de-fin-de-ano\\\/#article\",\"isPartOf\":{\"@id\":\"https:\\\/\\\/bibliotecavigil.org.ar\\\/inicio\\\/llega-la-mostra-de-talleres-de-fin-de-ano\\\/\"},\"author\":{\"name\":\"Biblioteca Vigil\",\"@id\":\"https:\\\/\\\/bibliotecavigil.org.ar\\\/inicio\\\/#\\\/schema\\\/person\\\/98530bc117d5fa50c5dc01b4fd8d3700\"},\"headline\":\"\u00a1Llega La Mostra de Talleres de Fin de A\u00f1o!\",\"datePublished\":\"2025-11-14T19:30:48+00:00\",\"dateModified\":\"2025-11-14T19:30:50+00:00\",\"mainEntityOfPage\":{\"@id\":\"https:\\\/\\\/bibliotecavigil.org.ar\\\/inicio\\\/llega-la-mostra-de-talleres-de-fin-de-ano\\\/\"},\"wordCount\":92,\"commentCount\":0,\"publisher\":{\"@id\":\"https:\\\/\\\/bibliotecavigil.org.ar\\\/inicio\\\/#organization\"},\"image\":{\"@id\":\"https:\\\/\\\/bibliotecavigil.org.ar\\\/inicio\\\/llega-la-mostra-de-talleres-de-fin-de-ano\\\/#primaryimage\"},\"thumbnailUrl\":\"https:\\\/\\\/bibliotecavigil.org.ar\\\/inicio\\\/wp-content\\\/uploads\\\/2025\\\/11\\\/La-mostra-completo_WEB.png\",\"inLanguage\":\"es\",\"potentialAction\":[{\"@type\":\"CommentAction\",\"name\":\"Comment\",\"target\":[\"https:\\\/\\\/bibliotecavigil.org.ar\\\/inicio\\\/llega-la-mostra-de-talleres-de-fin-de-ano\\\/#respond\"]}]},{\"@type\":\"WebPage\",\"@id\":\"https:\\\/\\\/bibliotecavigil.org.ar\\\/inicio\\\/llega-la-mostra-de-talleres-de-fin-de-ano\\\/\",\"url\":\"https:\\\/\\\/bibliotecavigil.org.ar\\\/inicio\\\/llega-la-mostra-de-talleres-de-fin-de-ano\\\/\",\"name\":\"\u00a1Llega La Mostra de Talleres de Fin de A\u00f1o! - Biblioteca Vigil\",\"isPartOf\":{\"@id\":\"https:\\\/\\\/bibliotecavigil.org.ar\\\/inicio\\\/#website\"},\"primaryImageOfPage\":{\"@id\":\"https:\\\/\\\/bibliotecavigil.org.ar\\\/inicio\\\/llega-la-mostra-de-talleres-de-fin-de-ano\\\/#primaryimage\"},\"image\":{\"@id\":\"https:\\\/\\\/bibliotecavigil.org.ar\\\/inicio\\\/llega-la-mostra-de-talleres-de-fin-de-ano\\\/#primaryimage\"},\"thumbnailUrl\":\"https:\\\/\\\/bibliotecavigil.org.ar\\\/inicio\\\/wp-content\\\/uploads\\\/2025\\\/11\\\/La-mostra-completo_WEB.png\",\"datePublished\":\"2025-11-14T19:30:48+00:00\",\"dateModified\":\"2025-11-14T19:30:50+00:00\",\"breadcrumb\":{\"@id\":\"https:\\\/\\\/bibliotecavigil.org.ar\\\/inicio\\\/llega-la-mostra-de-talleres-de-fin-de-ano\\\/#breadcrumb\"},\"inLanguage\":\"es\",\"potentialAction\":[{\"@type\":\"ReadAction\",\"target\":[\"https:\\\/\\\/bibliotecavigil.org.ar\\\/inicio\\\/llega-la-mostra-de-talleres-de-fin-de-ano\\\/\"]}]},{\"@type\":\"ImageObject\",\"inLanguage\":\"es\",\"@id\":\"https:\\\/\\\/bibliotecavigil.org.ar\\\/inicio\\\/llega-la-mostra-de-talleres-de-fin-de-ano\\\/#primaryimage\",\"url\":\"https:\\\/\\\/bibliotecavigil.org.ar\\\/inicio\\\/wp-content\\\/uploads\\\/2025\\\/11\\\/La-mostra-completo_WEB.png\",\"contentUrl\":\"https:\\\/\\\/bibliotecavigil.org.ar\\\/inicio\\\/wp-content\\\/uploads\\\/2025\\\/11\\\/La-mostra-completo_WEB.png\",\"width\":500,\"height\":262},{\"@type\":\"BreadcrumbList\",\"@id\":\"https:\\\/\\\/bibliotecavigil.org.ar\\\/inicio\\\/llega-la-mostra-de-talleres-de-fin-de-ano\\\/#breadcrumb\",\"itemListElement\":[{\"@type\":\"ListItem\",\"position\":1,\"name\":\"Portada\",\"item\":\"https:\\\/\\\/bibliotecavigil.org.ar\\\/inicio\\\/\"},{\"@type\":\"ListItem\",\"position\":2,\"name\":\"\u00a1Llega La Mostra de Talleres de Fin de A\u00f1o!\"}]},{\"@type\":\"WebSite\",\"@id\":\"https:\\\/\\\/bibliotecavigil.org.ar\\\/inicio\\\/#website\",\"url\":\"https:\\\/\\\/bibliotecavigil.org.ar\\\/inicio\\\/\",\"name\":\"Biblioteca Vigil\",\"description\":\"Biblioteca Popular C C Vigil\",\"publisher\":{\"@id\":\"https:\\\/\\\/bibliotecavigil.org.ar\\\/inicio\\\/#organization\"},\"potentialAction\":[{\"@type\":\"SearchAction\",\"target\":{\"@type\":\"EntryPoint\",\"urlTemplate\":\"https:\\\/\\\/bibliotecavigil.org.ar\\\/inicio\\\/?s={search_term_string}\"},\"query-input\":{\"@type\":\"PropertyValueSpecification\",\"valueRequired\":true,\"valueName\":\"search_term_string\"}}],\"inLanguage\":\"es\"},{\"@type\":\"Organization\",\"@id\":\"https:\\\/\\\/bibliotecavigil.org.ar\\\/inicio\\\/#organization\",\"name\":\"Biblioteca Popular C.C.Vigil\",\"url\":\"https:\\\/\\\/bibliotecavigil.org.ar\\\/inicio\\\/\",\"logo\":{\"@type\":\"ImageObject\",\"inLanguage\":\"es\",\"@id\":\"https:\\\/\\\/bibliotecavigil.org.ar\\\/inicio\\\/#\\\/schema\\\/logo\\\/image\\\/\",\"url\":\"https:\\\/\\\/bibliotecavigil.org.ar\\\/inicio\\\/wp-content\\\/uploads\\\/2023\\\/06\\\/Logo-sin-texto-gif.gif\",\"contentUrl\":\"https:\\\/\\\/bibliotecavigil.org.ar\\\/inicio\\\/wp-content\\\/uploads\\\/2023\\\/06\\\/Logo-sin-texto-gif.gif\",\"width\":1487,\"height\":1604,\"caption\":\"Biblioteca Popular C.C.Vigil\"},\"image\":{\"@id\":\"https:\\\/\\\/bibliotecavigil.org.ar\\\/inicio\\\/#\\\/schema\\\/logo\\\/image\\\/\"}},{\"@type\":\"Person\",\"@id\":\"https:\\\/\\\/bibliotecavigil.org.ar\\\/inicio\\\/#\\\/schema\\\/person\\\/98530bc117d5fa50c5dc01b4fd8d3700\",\"name\":\"Biblioteca Vigil\",\"image\":{\"@type\":\"ImageObject\",\"inLanguage\":\"es\",\"@id\":\"https:\\\/\\\/secure.gravatar.com\\\/avatar\\\/a96b6054dc4c80cde596e2c3f42d23e4f769e395116bf277fb508315b9d8a5c5?s=96&d=mm&r=g\",\"url\":\"https:\\\/\\\/secure.gravatar.com\\\/avatar\\\/a96b6054dc4c80cde596e2c3f42d23e4f769e395116bf277fb508315b9d8a5c5?s=96&d=mm&r=g\",\"contentUrl\":\"https:\\\/\\\/secure.gravatar.com\\\/avatar\\\/a96b6054dc4c80cde596e2c3f42d23e4f769e395116bf277fb508315b9d8a5c5?s=96&d=mm&r=g\",\"caption\":\"Biblioteca Vigil\"},\"url\":\"https:\\\/\\\/bibliotecavigil.org.ar\\\/inicio\\\/author\\\/comunicacion\\\/\"}]}<\/script>\n<!-- \/ Yoast SEO plugin. -->","yoast_head_json":{"title":"\u00a1Llega La Mostra de Talleres de Fin de A\u00f1o! - Biblioteca Vigil","robots":{"index":"index","follow":"follow","max-snippet":"max-snippet:-1","max-image-preview":"max-image-preview:large","max-video-preview":"max-video-preview:-1"},"canonical":"https:\/\/bibliotecavigil.org.ar\/inicio\/llega-la-mostra-de-talleres-de-fin-de-ano\/","og_locale":"es_ES","og_type":"article","og_title":"\u00a1Llega La Mostra de Talleres de Fin de A\u00f1o! - Biblioteca Vigil","og_description":"Un festejo de 4 d\u00edas para compartir todo lo que hicimos, aprendimos y creamos durante el a\u00f1o. &#x1f4c5; Del martes 25 al viernes 28 de noviembre&#x1f4cd; Teatro Vigil (Alem 3086) y Sede Gaboto (Gaboto 450)&#x1f555; Desde las 18:30 h Habr\u00e1 artes esc\u00e9nicas, clases abiertas, stands, muestras fijas y mucho m\u00e1s.El \u00faltimo d\u00eda nos quedamos a [&hellip;]","og_url":"https:\/\/bibliotecavigil.org.ar\/inicio\/llega-la-mostra-de-talleres-de-fin-de-ano\/","og_site_name":"Biblioteca Vigil","article_published_time":"2025-11-14T19:30:48+00:00","article_modified_time":"2025-11-14T19:30:50+00:00","og_image":[{"width":500,"height":262,"url":"https:\/\/bibliotecavigil.org.ar\/inicio\/wp-content\/uploads\/2025\/11\/La-mostra-completo_WEB.png","type":"image\/png"}],"author":"Biblioteca Vigil","twitter_card":"summary_large_image","twitter_misc":{"Escrito por":"Biblioteca Vigil","Tiempo de lectura":"1 minuto"},"schema":{"@context":"https:\/\/schema.org","@graph":[{"@type":"Article","@id":"https:\/\/bibliotecavigil.org.ar\/inicio\/llega-la-mostra-de-talleres-de-fin-de-ano\/#article","isPartOf":{"@id":"https:\/\/bibliotecavigil.org.ar\/inicio\/llega-la-mostra-de-talleres-de-fin-de-ano\/"},"author":{"name":"Biblioteca Vigil","@id":"https:\/\/bibliotecavigil.org.ar\/inicio\/#\/schema\/person\/98530bc117d5fa50c5dc01b4fd8d3700"},"headline":"\u00a1Llega La Mostra de Talleres de Fin de A\u00f1o!","datePublished":"2025-11-14T19:30:48+00:00","dateModified":"2025-11-14T19:30:50+00:00","mainEntityOfPage":{"@id":"https:\/\/bibliotecavigil.org.ar\/inicio\/llega-la-mostra-de-talleres-de-fin-de-ano\/"},"wordCount":92,"commentCount":0,"publisher":{"@id":"https:\/\/bibliotecavigil.org.ar\/inicio\/#organization"},"image":{"@id":"https:\/\/bibliotecavigil.org.ar\/inicio\/llega-la-mostra-de-talleres-de-fin-de-ano\/#primaryimage"},"thumbnailUrl":"https:\/\/bibliotecavigil.org.ar\/inicio\/wp-content\/uploads\/2025\/11\/La-mostra-completo_WEB.png","inLanguage":"es","potentialAction":[{"@type":"CommentAction","name":"Comment","target":["https:\/\/bibliotecavigil.org.ar\/inicio\/llega-la-mostra-de-talleres-de-fin-de-ano\/#respond"]}]},{"@type":"WebPage","@id":"https:\/\/bibliotecavigil.org.ar\/inicio\/llega-la-mostra-de-talleres-de-fin-de-ano\/","url":"https:\/\/bibliotecavigil.org.ar\/inicio\/llega-la-mostra-de-talleres-de-fin-de-ano\/","name":"\u00a1Llega La Mostra de Talleres de Fin de A\u00f1o! - Biblioteca Vigil","isPartOf":{"@id":"https:\/\/bibliotecavigil.org.ar\/inicio\/#website"},"primaryImageOfPage":{"@id":"https:\/\/bibliotecavigil.org.ar\/inicio\/llega-la-mostra-de-talleres-de-fin-de-ano\/#primaryimage"},"image":{"@id":"https:\/\/bibliotecavigil.org.ar\/inicio\/llega-la-mostra-de-talleres-de-fin-de-ano\/#primaryimage"},"thumbnailUrl":"https:\/\/bibliotecavigil.org.ar\/inicio\/wp-content\/uploads\/2025\/11\/La-mostra-completo_WEB.png","datePublished":"2025-11-14T19:30:48+00:00","dateModified":"2025-11-14T19:30:50+00:00","breadcrumb":{"@id":"https:\/\/bibliotecavigil.org.ar\/inicio\/llega-la-mostra-de-talleres-de-fin-de-ano\/#breadcrumb"},"inLanguage":"es","potentialAction":[{"@type":"ReadAction","target":["https:\/\/bibliotecavigil.org.ar\/inicio\/llega-la-mostra-de-talleres-de-fin-de-ano\/"]}]},{"@type":"ImageObject","inLanguage":"es","@id":"https:\/\/bibliotecavigil.org.ar\/inicio\/llega-la-mostra-de-talleres-de-fin-de-ano\/#primaryimage","url":"https:\/\/bibliotecavigil.org.ar\/inicio\/wp-content\/uploads\/2025\/11\/La-mostra-completo_WEB.png","contentUrl":"https:\/\/bibliotecavigil.org.ar\/inicio\/wp-content\/uploads\/2025\/11\/La-mostra-completo_WEB.png","width":500,"height":262},{"@type":"BreadcrumbList","@id":"https:\/\/bibliotecavigil.org.ar\/inicio\/llega-la-mostra-de-talleres-de-fin-de-ano\/#breadcrumb","itemListElement":[{"@type":"ListItem","position":1,"name":"Portada","item":"https:\/\/bibliotecavigil.org.ar\/inicio\/"},{"@type":"ListItem","position":2,"name":"\u00a1Llega La Mostra de Talleres de Fin de A\u00f1o!"}]},{"@type":"WebSite","@id":"https:\/\/bibliotecavigil.org.ar\/inicio\/#website","url":"https:\/\/bibliotecavigil.org.ar\/inicio\/","name":"Biblioteca Vigil","description":"Biblioteca Popular C C Vigil","publisher":{"@id":"https:\/\/bibliotecavigil.org.ar\/inicio\/#organization"},"potentialAction":[{"@type":"SearchAction","target":{"@type":"EntryPoint","urlTemplate":"https:\/\/bibliotecavigil.org.ar\/inicio\/?s={search_term_string}"},"query-input":{"@type":"PropertyValueSpecification","valueRequired":true,"valueName":"search_term_string"}}],"inLanguage":"es"},{"@type":"Organization","@id":"https:\/\/bibliotecavigil.org.ar\/inicio\/#organization","name":"Biblioteca Popular C.C.Vigil","url":"https:\/\/bibliotecavigil.org.ar\/inicio\/","logo":{"@type":"ImageObject","inLanguage":"es","@id":"https:\/\/bibliotecavigil.org.ar\/inicio\/#\/schema\/logo\/image\/","url":"https:\/\/bibliotecavigil.org.ar\/inicio\/wp-content\/uploads\/2023\/06\/Logo-sin-texto-gif.gif","contentUrl":"https:\/\/bibliotecavigil.org.ar\/inicio\/wp-content\/uploads\/2023\/06\/Logo-sin-texto-gif.gif","width":1487,"height":1604,"caption":"Biblioteca Popular C.C.Vigil"},"image":{"@id":"https:\/\/bibliotecavigil.org.ar\/inicio\/#\/schema\/logo\/image\/"}},{"@type":"Person","@id":"https:\/\/bibliotecavigil.org.ar\/inicio\/#\/schema\/person\/98530bc117d5fa50c5dc01b4fd8d3700","name":"Biblioteca Vigil","image":{"@type":"ImageObject","inLanguage":"es","@id":"https:\/\/secure.gravatar.com\/avatar\/a96b6054dc4c80cde596e2c3f42d23e4f769e395116bf277fb508315b9d8a5c5?s=96&d=mm&r=g","url":"https:\/\/secure.gravatar.com\/avatar\/a96b6054dc4c80cde596e2c3f42d23e4f769e395116bf277fb508315b9d8a5c5?s=96&d=mm&r=g","contentUrl":"https:\/\/secure.gravatar.com\/avatar\/a96b6054dc4c80cde596e2c3f42d23e4f769e395116bf277fb508315b9d8a5c5?s=96&d=mm&r=g","caption":"Biblioteca Vigil"},"url":"https:\/\/bibliotecavigil.org.ar\/inicio\/author\/comunicacion\/"}]}},"_links":{"self":[{"href":"https:\/\/bibliotecavigil.org.ar\/inicio\/wp-json\/wp\/v2\/posts\/33966","targetHints":{"allow":["GET"]}}],"collection":[{"href":"https:\/\/bibliotecavigil.org.ar\/inicio\/wp-json\/wp\/v2\/posts"}],"about":[{"href":"https:\/\/bibliotecavigil.org.ar\/inicio\/wp-json\/wp\/v2\/types\/post"}],"author":[{"embeddable":true,"href":"https:\/\/bibliotecavigil.org.ar\/inicio\/wp-json\/wp\/v2\/users\/3"}],"replies":[{"embeddable":true,"href":"https:\/\/bibliotecavigil.org.ar\/inicio\/wp-json\/wp\/v2\/comments?post=33966"}],"version-history":[{"count":1,"href":"https:\/\/bibliotecavigil.org.ar\/inicio\/wp-json\/wp\/v2\/posts\/33966\/revisions"}],"predecessor-version":[{"id":33971,"href":"https:\/\/bibliotecavigil.org.ar\/inicio\/wp-json\/wp\/v2\/posts\/33966\/revisions\/33971"}],"wp:featuredmedia":[{"embeddable":true,"href":"https:\/\/bibliotecavigil.org.ar\/inicio\/wp-json\/wp\/v2\/media\/33968"}],"wp:attachment":[{"href":"https:\/\/bibliotecavigil.org.ar\/inicio\/wp-json\/wp\/v2\/media?parent=33966"}],"wp:term":[{"taxonomy":"category","embeddable":true,"href":"https:\/\/bibliotecavigil.org.ar\/inicio\/wp-json\/wp\/v2\/categories?post=33966"},{"taxonomy":"post_tag","embeddable":true,"href":"https:\/\/bibliotecavigil.org.ar\/inicio\/wp-json\/wp\/v2\/tags?post=33966"}],"curies":[{"name":"wp","href":"https:\/\/api.w.org\/{rel}","templated":true}]}}