{"id":33990,"date":"2025-12-02T18:29:59","date_gmt":"2025-12-02T21:29:59","guid":{"rendered":"https:\/\/bibliotecavigil.org.ar\/inicio\/?p=33990"},"modified":"2025-12-02T18:32:19","modified_gmt":"2025-12-02T21:32:19","slug":"el-lugar-de-la-tierraen-el-universo","status":"publish","type":"post","link":"https:\/\/bibliotecavigil.org.ar\/inicio\/el-lugar-de-la-tierraen-el-universo\/","title":{"rendered":"El lugar de la Tierra en el Universo"},"content":{"rendered":"\n<p>&#x1f52d; Hace 56 a\u00f1os La Vigil abr\u00eda las puertas de su Observatorio Astron\u00f3mico, el lugar donde generaciones enteras aprendieron a mirar el cielo, y que hoy seguimos recuperando para quienes est\u00e1n y para quienes vendr\u00e1n.<\/p>\n\n\n\n<p>Lo celebramos con una Charla y Observaci\u00f3n, para pensar juntxs nuestro lugar en el mapa c\u00f3smico.<\/p>\n\n\n\n<p>&#x1f30c; El Prof. Charlie Silva compartir\u00e1 la charla \u201cEl lugar de la Tierra en el Universo\u201d.<\/p>\n\n\n\n<p>&#x1f327;&#xfe0f; Si el clima no acompa\u00f1a, la observaci\u00f3n se suspende, pero la charla sigue en pie.<\/p>\n\n\n\n<p>&#x1f4cd; El ingreso a la c\u00fapula es por &#x1fa9c; escalera.<\/p>\n\n\n\n<p>&#x1f5d3;&#xfe0f; Viernes 5 de diciembre \u00b7 19 a 22 h<\/p>\n\n\n\n<figure class=\"wp-block-image size-large\"><a href=\"https:\/\/bibliotecavigil.org.ar\/inicio\/wp-content\/uploads\/2025\/12\/WhatsApp-Image-2025-12-02-at-6.28.11-PM.jpeg\"><img decoding=\"async\" width=\"724\" height=\"1024\" data-src=\"https:\/\/bibliotecavigil.org.ar\/inicio\/wp-content\/uploads\/2025\/12\/WhatsApp-Image-2025-12-02-at-6.28.11-PM-724x1024.jpeg\" alt=\"\" class=\"wp-image-33993 lazyload\" data-srcset=\"https:\/\/bibliotecavigil.org.ar\/inicio\/wp-content\/uploads\/2025\/12\/WhatsApp-Image-2025-12-02-at-6.28.11-PM-724x1024.jpeg 724w, https:\/\/bibliotecavigil.org.ar\/inicio\/wp-content\/uploads\/2025\/12\/WhatsApp-Image-2025-12-02-at-6.28.11-PM-480x679.jpeg 480w\" data-sizes=\"(min-width: 0px) and (max-width: 480px) 480px, (min-width: 481px) 724px, 100vw\" src=\"data:image\/svg+xml;base64,PHN2ZyB3aWR0aD0iMSIgaGVpZ2h0PSIxIiB4bWxucz0iaHR0cDovL3d3dy53My5vcmcvMjAwMC9zdmciPjwvc3ZnPg==\" style=\"--smush-placeholder-width: 724px; --smush-placeholder-aspect-ratio: 724\/1024;\" \/><\/a><\/figure>\n","protected":false},"excerpt":{"rendered":"<p>&#x1f52d; Hace 56 a\u00f1os La Vigil abr\u00eda las puertas de su Observatorio Astron\u00f3mico, el lugar donde generaciones enteras aprendieron a mirar el cielo, y que hoy seguimos recuperando para quienes est\u00e1n y para quienes vendr\u00e1n. Lo celebramos con una Charla y Observaci\u00f3n, para pensar juntxs nuestro lugar en el mapa c\u00f3smico. &#x1f30c; El Prof. Charlie [&hellip;]<\/p>\n","protected":false},"author":3,"featured_media":33992,"comment_status":"open","ping_status":"open","sticky":false,"template":"","format":"standard","meta":{"_et_pb_use_builder":"off","_et_pb_old_content":"","_et_gb_content_width":"1920","footnotes":""},"categories":[1],"tags":[308,679,48],"class_list":["post-33990","post","type-post","status-publish","format-standard","has-post-thumbnail","hentry","category-sin-categoria","tag-charla","tag-observatorio","tag-vigil"],"yoast_head":"<!-- This site is optimized with the Yoast SEO plugin v27.5 - https:\/\/yoast.com\/product\/yoast-seo-wordpress\/ -->\n<title>El lugar de la Tierra en el Universo - Biblioteca Vigil<\/title>\n<meta name=\"robots\" content=\"index, follow, max-snippet:-1, max-image-preview:large, max-video-preview:-1\" \/>\n<link rel=\"canonical\" href=\"https:\/\/bibliotecavigil.org.ar\/inicio\/el-lugar-de-la-tierraen-el-universo\/\" \/>\n<meta property=\"og:locale\" content=\"es_ES\" \/>\n<meta property=\"og:type\" content=\"article\" \/>\n<meta property=\"og:title\" content=\"El lugar de la Tierra en el Universo - Biblioteca Vigil\" \/>\n<meta property=\"og:description\" content=\"&#x1f52d; Hace 56 a\u00f1os La Vigil abr\u00eda las puertas de su Observatorio Astron\u00f3mico, el lugar donde generaciones enteras aprendieron a mirar el cielo, y que hoy seguimos recuperando para quienes est\u00e1n y para quienes vendr\u00e1n. Lo celebramos con una Charla y Observaci\u00f3n, para pensar juntxs nuestro lugar en el mapa c\u00f3smico. &#x1f30c; El Prof. Charlie [&hellip;]\" \/>\n<meta property=\"og:url\" content=\"https:\/\/bibliotecavigil.org.ar\/inicio\/el-lugar-de-la-tierraen-el-universo\/\" \/>\n<meta property=\"og:site_name\" content=\"Biblioteca Vigil\" \/>\n<meta property=\"article:published_time\" content=\"2025-12-02T21:29:59+00:00\" \/>\n<meta property=\"article:modified_time\" content=\"2025-12-02T21:32:19+00:00\" \/>\n<meta property=\"og:image\" content=\"https:\/\/bibliotecavigil.org.ar\/inicio\/wp-content\/uploads\/2025\/12\/aniversario-observatorio-Recuperado_WEB.png\" \/>\n\t<meta property=\"og:image:width\" content=\"761\" \/>\n\t<meta property=\"og:image:height\" content=\"478\" \/>\n\t<meta property=\"og:image:type\" content=\"image\/png\" \/>\n<meta name=\"author\" content=\"Biblioteca Vigil\" \/>\n<meta name=\"twitter:card\" content=\"summary_large_image\" \/>\n<meta name=\"twitter:label1\" content=\"Escrito por\" \/>\n\t<meta name=\"twitter:data1\" content=\"Biblioteca Vigil\" \/>\n\t<meta name=\"twitter:label2\" content=\"Tiempo de lectura\" \/>\n\t<meta name=\"twitter:data2\" content=\"1 minuto\" \/>\n<script type=\"application\/ld+json\" class=\"yoast-schema-graph\">{\"@context\":\"https:\\\/\\\/schema.org\",\"@graph\":[{\"@type\":\"Article\",\"@id\":\"https:\\\/\\\/bibliotecavigil.org.ar\\\/inicio\\\/el-lugar-de-la-tierraen-el-universo\\\/#article\",\"isPartOf\":{\"@id\":\"https:\\\/\\\/bibliotecavigil.org.ar\\\/inicio\\\/el-lugar-de-la-tierraen-el-universo\\\/\"},\"author\":{\"name\":\"Biblioteca Vigil\",\"@id\":\"https:\\\/\\\/bibliotecavigil.org.ar\\\/inicio\\\/#\\\/schema\\\/person\\\/98530bc117d5fa50c5dc01b4fd8d3700\"},\"headline\":\"El lugar de la Tierra en el Universo\",\"datePublished\":\"2025-12-02T21:29:59+00:00\",\"dateModified\":\"2025-12-02T21:32:19+00:00\",\"mainEntityOfPage\":{\"@id\":\"https:\\\/\\\/bibliotecavigil.org.ar\\\/inicio\\\/el-lugar-de-la-tierraen-el-universo\\\/\"},\"wordCount\":131,\"commentCount\":3,\"publisher\":{\"@id\":\"https:\\\/\\\/bibliotecavigil.org.ar\\\/inicio\\\/#organization\"},\"image\":{\"@id\":\"https:\\\/\\\/bibliotecavigil.org.ar\\\/inicio\\\/el-lugar-de-la-tierraen-el-universo\\\/#primaryimage\"},\"thumbnailUrl\":\"https:\\\/\\\/bibliotecavigil.org.ar\\\/inicio\\\/wp-content\\\/uploads\\\/2025\\\/12\\\/aniversario-observatorio-Recuperado_WEB.png\",\"keywords\":[\"charla\",\"observatorio\",\"vigil\"],\"inLanguage\":\"es\",\"potentialAction\":[{\"@type\":\"CommentAction\",\"name\":\"Comment\",\"target\":[\"https:\\\/\\\/bibliotecavigil.org.ar\\\/inicio\\\/el-lugar-de-la-tierraen-el-universo\\\/#respond\"]}]},{\"@type\":\"WebPage\",\"@id\":\"https:\\\/\\\/bibliotecavigil.org.ar\\\/inicio\\\/el-lugar-de-la-tierraen-el-universo\\\/\",\"url\":\"https:\\\/\\\/bibliotecavigil.org.ar\\\/inicio\\\/el-lugar-de-la-tierraen-el-universo\\\/\",\"name\":\"El lugar de la Tierra en el Universo - Biblioteca Vigil\",\"isPartOf\":{\"@id\":\"https:\\\/\\\/bibliotecavigil.org.ar\\\/inicio\\\/#website\"},\"primaryImageOfPage\":{\"@id\":\"https:\\\/\\\/bibliotecavigil.org.ar\\\/inicio\\\/el-lugar-de-la-tierraen-el-universo\\\/#primaryimage\"},\"image\":{\"@id\":\"https:\\\/\\\/bibliotecavigil.org.ar\\\/inicio\\\/el-lugar-de-la-tierraen-el-universo\\\/#primaryimage\"},\"thumbnailUrl\":\"https:\\\/\\\/bibliotecavigil.org.ar\\\/inicio\\\/wp-content\\\/uploads\\\/2025\\\/12\\\/aniversario-observatorio-Recuperado_WEB.png\",\"datePublished\":\"2025-12-02T21:29:59+00:00\",\"dateModified\":\"2025-12-02T21:32:19+00:00\",\"breadcrumb\":{\"@id\":\"https:\\\/\\\/bibliotecavigil.org.ar\\\/inicio\\\/el-lugar-de-la-tierraen-el-universo\\\/#breadcrumb\"},\"inLanguage\":\"es\",\"potentialAction\":[{\"@type\":\"ReadAction\",\"target\":[\"https:\\\/\\\/bibliotecavigil.org.ar\\\/inicio\\\/el-lugar-de-la-tierraen-el-universo\\\/\"]}]},{\"@type\":\"ImageObject\",\"inLanguage\":\"es\",\"@id\":\"https:\\\/\\\/bibliotecavigil.org.ar\\\/inicio\\\/el-lugar-de-la-tierraen-el-universo\\\/#primaryimage\",\"url\":\"https:\\\/\\\/bibliotecavigil.org.ar\\\/inicio\\\/wp-content\\\/uploads\\\/2025\\\/12\\\/aniversario-observatorio-Recuperado_WEB.png\",\"contentUrl\":\"https:\\\/\\\/bibliotecavigil.org.ar\\\/inicio\\\/wp-content\\\/uploads\\\/2025\\\/12\\\/aniversario-observatorio-Recuperado_WEB.png\",\"width\":761,\"height\":478},{\"@type\":\"BreadcrumbList\",\"@id\":\"https:\\\/\\\/bibliotecavigil.org.ar\\\/inicio\\\/el-lugar-de-la-tierraen-el-universo\\\/#breadcrumb\",\"itemListElement\":[{\"@type\":\"ListItem\",\"position\":1,\"name\":\"Portada\",\"item\":\"https:\\\/\\\/bibliotecavigil.org.ar\\\/inicio\\\/\"},{\"@type\":\"ListItem\",\"position\":2,\"name\":\"El lugar de la Tierra en el Universo\"}]},{\"@type\":\"WebSite\",\"@id\":\"https:\\\/\\\/bibliotecavigil.org.ar\\\/inicio\\\/#website\",\"url\":\"https:\\\/\\\/bibliotecavigil.org.ar\\\/inicio\\\/\",\"name\":\"Biblioteca Vigil\",\"description\":\"Biblioteca Popular C C Vigil\",\"publisher\":{\"@id\":\"https:\\\/\\\/bibliotecavigil.org.ar\\\/inicio\\\/#organization\"},\"potentialAction\":[{\"@type\":\"SearchAction\",\"target\":{\"@type\":\"EntryPoint\",\"urlTemplate\":\"https:\\\/\\\/bibliotecavigil.org.ar\\\/inicio\\\/?s={search_term_string}\"},\"query-input\":{\"@type\":\"PropertyValueSpecification\",\"valueRequired\":true,\"valueName\":\"search_term_string\"}}],\"inLanguage\":\"es\"},{\"@type\":\"Organization\",\"@id\":\"https:\\\/\\\/bibliotecavigil.org.ar\\\/inicio\\\/#organization\",\"name\":\"Biblioteca Popular C.C.Vigil\",\"url\":\"https:\\\/\\\/bibliotecavigil.org.ar\\\/inicio\\\/\",\"logo\":{\"@type\":\"ImageObject\",\"inLanguage\":\"es\",\"@id\":\"https:\\\/\\\/bibliotecavigil.org.ar\\\/inicio\\\/#\\\/schema\\\/logo\\\/image\\\/\",\"url\":\"https:\\\/\\\/bibliotecavigil.org.ar\\\/inicio\\\/wp-content\\\/uploads\\\/2023\\\/06\\\/Logo-sin-texto-gif.gif\",\"contentUrl\":\"https:\\\/\\\/bibliotecavigil.org.ar\\\/inicio\\\/wp-content\\\/uploads\\\/2023\\\/06\\\/Logo-sin-texto-gif.gif\",\"width\":1487,\"height\":1604,\"caption\":\"Biblioteca Popular C.C.Vigil\"},\"image\":{\"@id\":\"https:\\\/\\\/bibliotecavigil.org.ar\\\/inicio\\\/#\\\/schema\\\/logo\\\/image\\\/\"}},{\"@type\":\"Person\",\"@id\":\"https:\\\/\\\/bibliotecavigil.org.ar\\\/inicio\\\/#\\\/schema\\\/person\\\/98530bc117d5fa50c5dc01b4fd8d3700\",\"name\":\"Biblioteca Vigil\",\"image\":{\"@type\":\"ImageObject\",\"inLanguage\":\"es\",\"@id\":\"https:\\\/\\\/secure.gravatar.com\\\/avatar\\\/a96b6054dc4c80cde596e2c3f42d23e4f769e395116bf277fb508315b9d8a5c5?s=96&d=mm&r=g\",\"url\":\"https:\\\/\\\/secure.gravatar.com\\\/avatar\\\/a96b6054dc4c80cde596e2c3f42d23e4f769e395116bf277fb508315b9d8a5c5?s=96&d=mm&r=g\",\"contentUrl\":\"https:\\\/\\\/secure.gravatar.com\\\/avatar\\\/a96b6054dc4c80cde596e2c3f42d23e4f769e395116bf277fb508315b9d8a5c5?s=96&d=mm&r=g\",\"caption\":\"Biblioteca Vigil\"},\"url\":\"https:\\\/\\\/bibliotecavigil.org.ar\\\/inicio\\\/author\\\/comunicacion\\\/\"}]}<\/script>\n<!-- \/ Yoast SEO plugin. -->","yoast_head_json":{"title":"El lugar de la Tierra en el Universo - Biblioteca Vigil","robots":{"index":"index","follow":"follow","max-snippet":"max-snippet:-1","max-image-preview":"max-image-preview:large","max-video-preview":"max-video-preview:-1"},"canonical":"https:\/\/bibliotecavigil.org.ar\/inicio\/el-lugar-de-la-tierraen-el-universo\/","og_locale":"es_ES","og_type":"article","og_title":"El lugar de la Tierra en el Universo - Biblioteca Vigil","og_description":"&#x1f52d; Hace 56 a\u00f1os La Vigil abr\u00eda las puertas de su Observatorio Astron\u00f3mico, el lugar donde generaciones enteras aprendieron a mirar el cielo, y que hoy seguimos recuperando para quienes est\u00e1n y para quienes vendr\u00e1n. Lo celebramos con una Charla y Observaci\u00f3n, para pensar juntxs nuestro lugar en el mapa c\u00f3smico. &#x1f30c; El Prof. Charlie [&hellip;]","og_url":"https:\/\/bibliotecavigil.org.ar\/inicio\/el-lugar-de-la-tierraen-el-universo\/","og_site_name":"Biblioteca Vigil","article_published_time":"2025-12-02T21:29:59+00:00","article_modified_time":"2025-12-02T21:32:19+00:00","og_image":[{"width":761,"height":478,"url":"https:\/\/bibliotecavigil.org.ar\/inicio\/wp-content\/uploads\/2025\/12\/aniversario-observatorio-Recuperado_WEB.png","type":"image\/png"}],"author":"Biblioteca Vigil","twitter_card":"summary_large_image","twitter_misc":{"Escrito por":"Biblioteca Vigil","Tiempo de lectura":"1 minuto"},"schema":{"@context":"https:\/\/schema.org","@graph":[{"@type":"Article","@id":"https:\/\/bibliotecavigil.org.ar\/inicio\/el-lugar-de-la-tierraen-el-universo\/#article","isPartOf":{"@id":"https:\/\/bibliotecavigil.org.ar\/inicio\/el-lugar-de-la-tierraen-el-universo\/"},"author":{"name":"Biblioteca Vigil","@id":"https:\/\/bibliotecavigil.org.ar\/inicio\/#\/schema\/person\/98530bc117d5fa50c5dc01b4fd8d3700"},"headline":"El lugar de la Tierra en el Universo","datePublished":"2025-12-02T21:29:59+00:00","dateModified":"2025-12-02T21:32:19+00:00","mainEntityOfPage":{"@id":"https:\/\/bibliotecavigil.org.ar\/inicio\/el-lugar-de-la-tierraen-el-universo\/"},"wordCount":131,"commentCount":3,"publisher":{"@id":"https:\/\/bibliotecavigil.org.ar\/inicio\/#organization"},"image":{"@id":"https:\/\/bibliotecavigil.org.ar\/inicio\/el-lugar-de-la-tierraen-el-universo\/#primaryimage"},"thumbnailUrl":"https:\/\/bibliotecavigil.org.ar\/inicio\/wp-content\/uploads\/2025\/12\/aniversario-observatorio-Recuperado_WEB.png","keywords":["charla","observatorio","vigil"],"inLanguage":"es","potentialAction":[{"@type":"CommentAction","name":"Comment","target":["https:\/\/bibliotecavigil.org.ar\/inicio\/el-lugar-de-la-tierraen-el-universo\/#respond"]}]},{"@type":"WebPage","@id":"https:\/\/bibliotecavigil.org.ar\/inicio\/el-lugar-de-la-tierraen-el-universo\/","url":"https:\/\/bibliotecavigil.org.ar\/inicio\/el-lugar-de-la-tierraen-el-universo\/","name":"El lugar de la Tierra en el Universo - Biblioteca Vigil","isPartOf":{"@id":"https:\/\/bibliotecavigil.org.ar\/inicio\/#website"},"primaryImageOfPage":{"@id":"https:\/\/bibliotecavigil.org.ar\/inicio\/el-lugar-de-la-tierraen-el-universo\/#primaryimage"},"image":{"@id":"https:\/\/bibliotecavigil.org.ar\/inicio\/el-lugar-de-la-tierraen-el-universo\/#primaryimage"},"thumbnailUrl":"https:\/\/bibliotecavigil.org.ar\/inicio\/wp-content\/uploads\/2025\/12\/aniversario-observatorio-Recuperado_WEB.png","datePublished":"2025-12-02T21:29:59+00:00","dateModified":"2025-12-02T21:32:19+00:00","breadcrumb":{"@id":"https:\/\/bibliotecavigil.org.ar\/inicio\/el-lugar-de-la-tierraen-el-universo\/#breadcrumb"},"inLanguage":"es","potentialAction":[{"@type":"ReadAction","target":["https:\/\/bibliotecavigil.org.ar\/inicio\/el-lugar-de-la-tierraen-el-universo\/"]}]},{"@type":"ImageObject","inLanguage":"es","@id":"https:\/\/bibliotecavigil.org.ar\/inicio\/el-lugar-de-la-tierraen-el-universo\/#primaryimage","url":"https:\/\/bibliotecavigil.org.ar\/inicio\/wp-content\/uploads\/2025\/12\/aniversario-observatorio-Recuperado_WEB.png","contentUrl":"https:\/\/bibliotecavigil.org.ar\/inicio\/wp-content\/uploads\/2025\/12\/aniversario-observatorio-Recuperado_WEB.png","width":761,"height":478},{"@type":"BreadcrumbList","@id":"https:\/\/bibliotecavigil.org.ar\/inicio\/el-lugar-de-la-tierraen-el-universo\/#breadcrumb","itemListElement":[{"@type":"ListItem","position":1,"name":"Portada","item":"https:\/\/bibliotecavigil.org.ar\/inicio\/"},{"@type":"ListItem","position":2,"name":"El lugar de la Tierra en el Universo"}]},{"@type":"WebSite","@id":"https:\/\/bibliotecavigil.org.ar\/inicio\/#website","url":"https:\/\/bibliotecavigil.org.ar\/inicio\/","name":"Biblioteca Vigil","description":"Biblioteca Popular C C Vigil","publisher":{"@id":"https:\/\/bibliotecavigil.org.ar\/inicio\/#organization"},"potentialAction":[{"@type":"SearchAction","target":{"@type":"EntryPoint","urlTemplate":"https:\/\/bibliotecavigil.org.ar\/inicio\/?s={search_term_string}"},"query-input":{"@type":"PropertyValueSpecification","valueRequired":true,"valueName":"search_term_string"}}],"inLanguage":"es"},{"@type":"Organization","@id":"https:\/\/bibliotecavigil.org.ar\/inicio\/#organization","name":"Biblioteca Popular C.C.Vigil","url":"https:\/\/bibliotecavigil.org.ar\/inicio\/","logo":{"@type":"ImageObject","inLanguage":"es","@id":"https:\/\/bibliotecavigil.org.ar\/inicio\/#\/schema\/logo\/image\/","url":"https:\/\/bibliotecavigil.org.ar\/inicio\/wp-content\/uploads\/2023\/06\/Logo-sin-texto-gif.gif","contentUrl":"https:\/\/bibliotecavigil.org.ar\/inicio\/wp-content\/uploads\/2023\/06\/Logo-sin-texto-gif.gif","width":1487,"height":1604,"caption":"Biblioteca Popular C.C.Vigil"},"image":{"@id":"https:\/\/bibliotecavigil.org.ar\/inicio\/#\/schema\/logo\/image\/"}},{"@type":"Person","@id":"https:\/\/bibliotecavigil.org.ar\/inicio\/#\/schema\/person\/98530bc117d5fa50c5dc01b4fd8d3700","name":"Biblioteca Vigil","image":{"@type":"ImageObject","inLanguage":"es","@id":"https:\/\/secure.gravatar.com\/avatar\/a96b6054dc4c80cde596e2c3f42d23e4f769e395116bf277fb508315b9d8a5c5?s=96&d=mm&r=g","url":"https:\/\/secure.gravatar.com\/avatar\/a96b6054dc4c80cde596e2c3f42d23e4f769e395116bf277fb508315b9d8a5c5?s=96&d=mm&r=g","contentUrl":"https:\/\/secure.gravatar.com\/avatar\/a96b6054dc4c80cde596e2c3f42d23e4f769e395116bf277fb508315b9d8a5c5?s=96&d=mm&r=g","caption":"Biblioteca Vigil"},"url":"https:\/\/bibliotecavigil.org.ar\/inicio\/author\/comunicacion\/"}]}},"_links":{"self":[{"href":"https:\/\/bibliotecavigil.org.ar\/inicio\/wp-json\/wp\/v2\/posts\/33990","targetHints":{"allow":["GET"]}}],"collection":[{"href":"https:\/\/bibliotecavigil.org.ar\/inicio\/wp-json\/wp\/v2\/posts"}],"about":[{"href":"https:\/\/bibliotecavigil.org.ar\/inicio\/wp-json\/wp\/v2\/types\/post"}],"author":[{"embeddable":true,"href":"https:\/\/bibliotecavigil.org.ar\/inicio\/wp-json\/wp\/v2\/users\/3"}],"replies":[{"embeddable":true,"href":"https:\/\/bibliotecavigil.org.ar\/inicio\/wp-json\/wp\/v2\/comments?post=33990"}],"version-history":[{"count":2,"href":"https:\/\/bibliotecavigil.org.ar\/inicio\/wp-json\/wp\/v2\/posts\/33990\/revisions"}],"predecessor-version":[{"id":33995,"href":"https:\/\/bibliotecavigil.org.ar\/inicio\/wp-json\/wp\/v2\/posts\/33990\/revisions\/33995"}],"wp:featuredmedia":[{"embeddable":true,"href":"https:\/\/bibliotecavigil.org.ar\/inicio\/wp-json\/wp\/v2\/media\/33992"}],"wp:attachment":[{"href":"https:\/\/bibliotecavigil.org.ar\/inicio\/wp-json\/wp\/v2\/media?parent=33990"}],"wp:term":[{"taxonomy":"category","embeddable":true,"href":"https:\/\/bibliotecavigil.org.ar\/inicio\/wp-json\/wp\/v2\/categories?post=33990"},{"taxonomy":"post_tag","embeddable":true,"href":"https:\/\/bibliotecavigil.org.ar\/inicio\/wp-json\/wp\/v2\/tags?post=33990"}],"curies":[{"name":"wp","href":"https:\/\/api.w.org\/{rel}","templated":true}]}}