{"id":34190,"date":"2026-03-03T17:46:14","date_gmt":"2026-03-03T20:46:14","guid":{"rendered":"https:\/\/bibliotecavigil.org.ar\/inicio\/?p=34190"},"modified":"2026-03-03T17:47:51","modified_gmt":"2026-03-03T20:47:51","slug":"pena-de-la-resistencia","status":"publish","type":"post","link":"https:\/\/bibliotecavigil.org.ar\/inicio\/pena-de-la-resistencia\/","title":{"rendered":"Pe\u00f1a de la Resistencia"},"content":{"rendered":"\n<p><strong>Pe\u00f1a de la Resistencia &#x2764;&#x200d;&#x1f525;<\/strong><\/p>\n\n\n\n<p><em>Marchando a los 50 a\u00f1os<\/em><\/p>\n\n\n\n<p><\/p>\n\n\n\n<p>Este <strong>s\u00e1bado 7<\/strong> te esperamos para bailar, en este camino a los 50 a\u00f1os del \u00faltimo golpe.<\/p>\n\n\n\n<p>Porque la lucha tambi\u00e9n es con alegr\u00eda y la organizaci\u00f3n colectiva se festeja.<\/p>\n\n\n\n<p><\/p>\n\n\n\n<p>Ven\u00ed a resistir, a divertirte en el encuentro, comer y tomar algo con nuestro buffet popular, y tirarte unos buenos pasos con la mejor m\u00fasica local.<\/p>\n\n\n\n<p><\/p>\n\n\n\n<p>Nos acompa\u00f1an con su m\u00fasica:<\/p>\n\n\n\n<p>&#x1f3b6; Tarkanos<\/p>\n\n\n\n<p>&#x1f3b5; Maluko<\/p>\n\n\n\n<p>&#x1f3b6; Urutau<\/p>\n\n\n\n<p>&#x1f3b5; La Bogare\u00f1a<\/p>\n\n\n\n<p>&#x1f3b6; DJ Reina<\/p>\n\n\n\n<p>&#x1f3b5; DJ Lai Elian<\/p>\n\n\n\n<p><\/p>\n\n\n\n<p>&#x1f3a4;Conducen:<\/p>\n\n\n\n<p>Gisela Bernardini y Christian Alvarez<\/p>\n\n\n\n<p>Grupo: Los Nadies<\/p>\n\n\n\n<p><\/p>\n\n\n\n<p>Espacio para Infancias!<\/p>\n\n\n\n<p><\/p>\n\n\n\n<p><strong>ENTRADAS: ANTICIPADAS $5000 CLICK EN<\/strong>&#x1f449;&#x1f3fd;<strong> <a href=\"http:\/\/bibliotecavigil.org.ar\/eventos\" type=\"link\" id=\"bibliotecavigil.org.ar\/eventos\">bibliotecavigil.org.ar\/eventos<\/a><\/strong> \/ PUERTA $8000.<\/p>\n\n\n\n<p><\/p>\n\n\n\n<p><strong>Todo lo que se recaude es para la organizaci\u00f3n del 24 de Marzo. \u00a1Sumate!<\/strong><\/p>\n\n\n\n<p><\/p>\n\n\n\n<p>&#x1f4cd;\u00bfD\u00f3nde? En La Vigil (Gaboto 450) &#8211; 21h.<\/p>\n\n\n\n<p>Organizan: Mesa de Organismos de Derechos Humanos de Rosario y Asamblea Organizadora 24 de Marzo.<\/p>\n\n\n\n<p><\/p>\n\n\n\n<figure class=\"wp-block-image size-large\"><a href=\"https:\/\/bibliotecavigil.org.ar\/inicio\/wp-content\/uploads\/2026\/03\/pena-de-la-resistencia-web-.png\"><img decoding=\"async\" width=\"724\" height=\"1024\" data-src=\"https:\/\/bibliotecavigil.org.ar\/inicio\/wp-content\/uploads\/2026\/03\/pena-de-la-resistencia-web--724x1024.png\" alt=\"\" class=\"wp-image-34191 lazyload\" data-srcset=\"https:\/\/bibliotecavigil.org.ar\/inicio\/wp-content\/uploads\/2026\/03\/pena-de-la-resistencia-web--724x1024.png 724w, https:\/\/bibliotecavigil.org.ar\/inicio\/wp-content\/uploads\/2026\/03\/pena-de-la-resistencia-web--480x679.png 480w\" data-sizes=\"(min-width: 0px) and (max-width: 480px) 480px, (min-width: 481px) 724px, 100vw\" src=\"data:image\/svg+xml;base64,PHN2ZyB3aWR0aD0iMSIgaGVpZ2h0PSIxIiB4bWxucz0iaHR0cDovL3d3dy53My5vcmcvMjAwMC9zdmciPjwvc3ZnPg==\" style=\"--smush-placeholder-width: 724px; --smush-placeholder-aspect-ratio: 724\/1024;\" \/><\/a><\/figure>\n","protected":false},"excerpt":{"rendered":"<p>Pe\u00f1a de la Resistencia &#x2764;&#x200d;&#x1f525; Marchando a los 50 a\u00f1os Este s\u00e1bado 7 te esperamos para bailar, en este camino a los 50 a\u00f1os del \u00faltimo golpe. Porque la lucha tambi\u00e9n es con alegr\u00eda y la organizaci\u00f3n colectiva se festeja. Ven\u00ed a resistir, a divertirte en el encuentro, comer y tomar algo con nuestro buffet [&hellip;]<\/p>\n","protected":false},"author":3,"featured_media":34192,"comment_status":"open","ping_status":"open","sticky":false,"template":"","format":"standard","meta":{"_et_pb_use_builder":"off","_et_pb_old_content":"","_et_gb_content_width":"1920","footnotes":""},"categories":[1],"tags":[197,63,244,48],"class_list":["post-34190","post","type-post","status-publish","format-standard","has-post-thumbnail","hentry","category-sin-categoria","tag-24m","tag-ddhh","tag-pena","tag-vigil"],"yoast_head":"<!-- This site is optimized with the Yoast SEO plugin v27.5 - https:\/\/yoast.com\/product\/yoast-seo-wordpress\/ -->\n<title>Pe\u00f1a de la Resistencia - Biblioteca Vigil<\/title>\n<meta name=\"robots\" content=\"index, follow, max-snippet:-1, max-image-preview:large, max-video-preview:-1\" \/>\n<link rel=\"canonical\" href=\"https:\/\/bibliotecavigil.org.ar\/inicio\/pena-de-la-resistencia\/\" \/>\n<meta property=\"og:locale\" content=\"es_ES\" \/>\n<meta property=\"og:type\" content=\"article\" \/>\n<meta property=\"og:title\" content=\"Pe\u00f1a de la Resistencia - Biblioteca Vigil\" \/>\n<meta property=\"og:description\" content=\"Pe\u00f1a de la Resistencia &#x2764;&#x200d;&#x1f525; Marchando a los 50 a\u00f1os Este s\u00e1bado 7 te esperamos para bailar, en este camino a los 50 a\u00f1os del \u00faltimo golpe. Porque la lucha tambi\u00e9n es con alegr\u00eda y la organizaci\u00f3n colectiva se festeja. Ven\u00ed a resistir, a divertirte en el encuentro, comer y tomar algo con nuestro buffet [&hellip;]\" \/>\n<meta property=\"og:url\" content=\"https:\/\/bibliotecavigil.org.ar\/inicio\/pena-de-la-resistencia\/\" \/>\n<meta property=\"og:site_name\" content=\"Biblioteca Vigil\" \/>\n<meta property=\"article:published_time\" content=\"2026-03-03T20:46:14+00:00\" \/>\n<meta property=\"article:modified_time\" content=\"2026-03-03T20:47:51+00:00\" \/>\n<meta property=\"og:image\" content=\"https:\/\/bibliotecavigil.org.ar\/inicio\/wp-content\/uploads\/2026\/03\/pena-de-la-resistencia_boton-web.png\" \/>\n\t<meta property=\"og:image:width\" content=\"761\" \/>\n\t<meta property=\"og:image:height\" content=\"478\" \/>\n\t<meta property=\"og:image:type\" content=\"image\/png\" \/>\n<meta name=\"author\" content=\"Biblioteca Vigil\" \/>\n<meta name=\"twitter:card\" content=\"summary_large_image\" \/>\n<meta name=\"twitter:label1\" content=\"Escrito por\" \/>\n\t<meta name=\"twitter:data1\" content=\"Biblioteca Vigil\" \/>\n\t<meta name=\"twitter:label2\" content=\"Tiempo de lectura\" \/>\n\t<meta name=\"twitter:data2\" content=\"2 minutos\" \/>\n<script type=\"application\/ld+json\" class=\"yoast-schema-graph\">{\"@context\":\"https:\\\/\\\/schema.org\",\"@graph\":[{\"@type\":\"Article\",\"@id\":\"https:\\\/\\\/bibliotecavigil.org.ar\\\/inicio\\\/pena-de-la-resistencia\\\/#article\",\"isPartOf\":{\"@id\":\"https:\\\/\\\/bibliotecavigil.org.ar\\\/inicio\\\/pena-de-la-resistencia\\\/\"},\"author\":{\"name\":\"Biblioteca Vigil\",\"@id\":\"https:\\\/\\\/bibliotecavigil.org.ar\\\/inicio\\\/#\\\/schema\\\/person\\\/98530bc117d5fa50c5dc01b4fd8d3700\"},\"headline\":\"Pe\u00f1a de la Resistencia\",\"datePublished\":\"2026-03-03T20:46:14+00:00\",\"dateModified\":\"2026-03-03T20:47:51+00:00\",\"mainEntityOfPage\":{\"@id\":\"https:\\\/\\\/bibliotecavigil.org.ar\\\/inicio\\\/pena-de-la-resistencia\\\/\"},\"wordCount\":184,\"commentCount\":1,\"publisher\":{\"@id\":\"https:\\\/\\\/bibliotecavigil.org.ar\\\/inicio\\\/#organization\"},\"image\":{\"@id\":\"https:\\\/\\\/bibliotecavigil.org.ar\\\/inicio\\\/pena-de-la-resistencia\\\/#primaryimage\"},\"thumbnailUrl\":\"https:\\\/\\\/bibliotecavigil.org.ar\\\/inicio\\\/wp-content\\\/uploads\\\/2026\\\/03\\\/pena-de-la-resistencia_boton-web.png\",\"keywords\":[\"24m\",\"ddhh\",\"pe\u00f1a\",\"vigil\"],\"inLanguage\":\"es\",\"potentialAction\":[{\"@type\":\"CommentAction\",\"name\":\"Comment\",\"target\":[\"https:\\\/\\\/bibliotecavigil.org.ar\\\/inicio\\\/pena-de-la-resistencia\\\/#respond\"]}]},{\"@type\":\"WebPage\",\"@id\":\"https:\\\/\\\/bibliotecavigil.org.ar\\\/inicio\\\/pena-de-la-resistencia\\\/\",\"url\":\"https:\\\/\\\/bibliotecavigil.org.ar\\\/inicio\\\/pena-de-la-resistencia\\\/\",\"name\":\"Pe\u00f1a de la Resistencia - Biblioteca Vigil\",\"isPartOf\":{\"@id\":\"https:\\\/\\\/bibliotecavigil.org.ar\\\/inicio\\\/#website\"},\"primaryImageOfPage\":{\"@id\":\"https:\\\/\\\/bibliotecavigil.org.ar\\\/inicio\\\/pena-de-la-resistencia\\\/#primaryimage\"},\"image\":{\"@id\":\"https:\\\/\\\/bibliotecavigil.org.ar\\\/inicio\\\/pena-de-la-resistencia\\\/#primaryimage\"},\"thumbnailUrl\":\"https:\\\/\\\/bibliotecavigil.org.ar\\\/inicio\\\/wp-content\\\/uploads\\\/2026\\\/03\\\/pena-de-la-resistencia_boton-web.png\",\"datePublished\":\"2026-03-03T20:46:14+00:00\",\"dateModified\":\"2026-03-03T20:47:51+00:00\",\"breadcrumb\":{\"@id\":\"https:\\\/\\\/bibliotecavigil.org.ar\\\/inicio\\\/pena-de-la-resistencia\\\/#breadcrumb\"},\"inLanguage\":\"es\",\"potentialAction\":[{\"@type\":\"ReadAction\",\"target\":[\"https:\\\/\\\/bibliotecavigil.org.ar\\\/inicio\\\/pena-de-la-resistencia\\\/\"]}]},{\"@type\":\"ImageObject\",\"inLanguage\":\"es\",\"@id\":\"https:\\\/\\\/bibliotecavigil.org.ar\\\/inicio\\\/pena-de-la-resistencia\\\/#primaryimage\",\"url\":\"https:\\\/\\\/bibliotecavigil.org.ar\\\/inicio\\\/wp-content\\\/uploads\\\/2026\\\/03\\\/pena-de-la-resistencia_boton-web.png\",\"contentUrl\":\"https:\\\/\\\/bibliotecavigil.org.ar\\\/inicio\\\/wp-content\\\/uploads\\\/2026\\\/03\\\/pena-de-la-resistencia_boton-web.png\",\"width\":761,\"height\":478},{\"@type\":\"BreadcrumbList\",\"@id\":\"https:\\\/\\\/bibliotecavigil.org.ar\\\/inicio\\\/pena-de-la-resistencia\\\/#breadcrumb\",\"itemListElement\":[{\"@type\":\"ListItem\",\"position\":1,\"name\":\"Portada\",\"item\":\"https:\\\/\\\/bibliotecavigil.org.ar\\\/inicio\\\/\"},{\"@type\":\"ListItem\",\"position\":2,\"name\":\"Pe\u00f1a de la Resistencia\"}]},{\"@type\":\"WebSite\",\"@id\":\"https:\\\/\\\/bibliotecavigil.org.ar\\\/inicio\\\/#website\",\"url\":\"https:\\\/\\\/bibliotecavigil.org.ar\\\/inicio\\\/\",\"name\":\"Biblioteca Vigil\",\"description\":\"Biblioteca Popular C C Vigil\",\"publisher\":{\"@id\":\"https:\\\/\\\/bibliotecavigil.org.ar\\\/inicio\\\/#organization\"},\"potentialAction\":[{\"@type\":\"SearchAction\",\"target\":{\"@type\":\"EntryPoint\",\"urlTemplate\":\"https:\\\/\\\/bibliotecavigil.org.ar\\\/inicio\\\/?s={search_term_string}\"},\"query-input\":{\"@type\":\"PropertyValueSpecification\",\"valueRequired\":true,\"valueName\":\"search_term_string\"}}],\"inLanguage\":\"es\"},{\"@type\":\"Organization\",\"@id\":\"https:\\\/\\\/bibliotecavigil.org.ar\\\/inicio\\\/#organization\",\"name\":\"Biblioteca Popular C.C.Vigil\",\"url\":\"https:\\\/\\\/bibliotecavigil.org.ar\\\/inicio\\\/\",\"logo\":{\"@type\":\"ImageObject\",\"inLanguage\":\"es\",\"@id\":\"https:\\\/\\\/bibliotecavigil.org.ar\\\/inicio\\\/#\\\/schema\\\/logo\\\/image\\\/\",\"url\":\"https:\\\/\\\/bibliotecavigil.org.ar\\\/inicio\\\/wp-content\\\/uploads\\\/2023\\\/06\\\/Logo-sin-texto-gif.gif\",\"contentUrl\":\"https:\\\/\\\/bibliotecavigil.org.ar\\\/inicio\\\/wp-content\\\/uploads\\\/2023\\\/06\\\/Logo-sin-texto-gif.gif\",\"width\":1487,\"height\":1604,\"caption\":\"Biblioteca Popular C.C.Vigil\"},\"image\":{\"@id\":\"https:\\\/\\\/bibliotecavigil.org.ar\\\/inicio\\\/#\\\/schema\\\/logo\\\/image\\\/\"}},{\"@type\":\"Person\",\"@id\":\"https:\\\/\\\/bibliotecavigil.org.ar\\\/inicio\\\/#\\\/schema\\\/person\\\/98530bc117d5fa50c5dc01b4fd8d3700\",\"name\":\"Biblioteca Vigil\",\"image\":{\"@type\":\"ImageObject\",\"inLanguage\":\"es\",\"@id\":\"https:\\\/\\\/secure.gravatar.com\\\/avatar\\\/a96b6054dc4c80cde596e2c3f42d23e4f769e395116bf277fb508315b9d8a5c5?s=96&d=mm&r=g\",\"url\":\"https:\\\/\\\/secure.gravatar.com\\\/avatar\\\/a96b6054dc4c80cde596e2c3f42d23e4f769e395116bf277fb508315b9d8a5c5?s=96&d=mm&r=g\",\"contentUrl\":\"https:\\\/\\\/secure.gravatar.com\\\/avatar\\\/a96b6054dc4c80cde596e2c3f42d23e4f769e395116bf277fb508315b9d8a5c5?s=96&d=mm&r=g\",\"caption\":\"Biblioteca Vigil\"},\"url\":\"https:\\\/\\\/bibliotecavigil.org.ar\\\/inicio\\\/author\\\/comunicacion\\\/\"}]}<\/script>\n<!-- \/ Yoast SEO plugin. -->","yoast_head_json":{"title":"Pe\u00f1a de la Resistencia - Biblioteca Vigil","robots":{"index":"index","follow":"follow","max-snippet":"max-snippet:-1","max-image-preview":"max-image-preview:large","max-video-preview":"max-video-preview:-1"},"canonical":"https:\/\/bibliotecavigil.org.ar\/inicio\/pena-de-la-resistencia\/","og_locale":"es_ES","og_type":"article","og_title":"Pe\u00f1a de la Resistencia - Biblioteca Vigil","og_description":"Pe\u00f1a de la Resistencia &#x2764;&#x200d;&#x1f525; Marchando a los 50 a\u00f1os Este s\u00e1bado 7 te esperamos para bailar, en este camino a los 50 a\u00f1os del \u00faltimo golpe. Porque la lucha tambi\u00e9n es con alegr\u00eda y la organizaci\u00f3n colectiva se festeja. Ven\u00ed a resistir, a divertirte en el encuentro, comer y tomar algo con nuestro buffet [&hellip;]","og_url":"https:\/\/bibliotecavigil.org.ar\/inicio\/pena-de-la-resistencia\/","og_site_name":"Biblioteca Vigil","article_published_time":"2026-03-03T20:46:14+00:00","article_modified_time":"2026-03-03T20:47:51+00:00","og_image":[{"width":761,"height":478,"url":"https:\/\/bibliotecavigil.org.ar\/inicio\/wp-content\/uploads\/2026\/03\/pena-de-la-resistencia_boton-web.png","type":"image\/png"}],"author":"Biblioteca Vigil","twitter_card":"summary_large_image","twitter_misc":{"Escrito por":"Biblioteca Vigil","Tiempo de lectura":"2 minutos"},"schema":{"@context":"https:\/\/schema.org","@graph":[{"@type":"Article","@id":"https:\/\/bibliotecavigil.org.ar\/inicio\/pena-de-la-resistencia\/#article","isPartOf":{"@id":"https:\/\/bibliotecavigil.org.ar\/inicio\/pena-de-la-resistencia\/"},"author":{"name":"Biblioteca Vigil","@id":"https:\/\/bibliotecavigil.org.ar\/inicio\/#\/schema\/person\/98530bc117d5fa50c5dc01b4fd8d3700"},"headline":"Pe\u00f1a de la Resistencia","datePublished":"2026-03-03T20:46:14+00:00","dateModified":"2026-03-03T20:47:51+00:00","mainEntityOfPage":{"@id":"https:\/\/bibliotecavigil.org.ar\/inicio\/pena-de-la-resistencia\/"},"wordCount":184,"commentCount":1,"publisher":{"@id":"https:\/\/bibliotecavigil.org.ar\/inicio\/#organization"},"image":{"@id":"https:\/\/bibliotecavigil.org.ar\/inicio\/pena-de-la-resistencia\/#primaryimage"},"thumbnailUrl":"https:\/\/bibliotecavigil.org.ar\/inicio\/wp-content\/uploads\/2026\/03\/pena-de-la-resistencia_boton-web.png","keywords":["24m","ddhh","pe\u00f1a","vigil"],"inLanguage":"es","potentialAction":[{"@type":"CommentAction","name":"Comment","target":["https:\/\/bibliotecavigil.org.ar\/inicio\/pena-de-la-resistencia\/#respond"]}]},{"@type":"WebPage","@id":"https:\/\/bibliotecavigil.org.ar\/inicio\/pena-de-la-resistencia\/","url":"https:\/\/bibliotecavigil.org.ar\/inicio\/pena-de-la-resistencia\/","name":"Pe\u00f1a de la Resistencia - Biblioteca Vigil","isPartOf":{"@id":"https:\/\/bibliotecavigil.org.ar\/inicio\/#website"},"primaryImageOfPage":{"@id":"https:\/\/bibliotecavigil.org.ar\/inicio\/pena-de-la-resistencia\/#primaryimage"},"image":{"@id":"https:\/\/bibliotecavigil.org.ar\/inicio\/pena-de-la-resistencia\/#primaryimage"},"thumbnailUrl":"https:\/\/bibliotecavigil.org.ar\/inicio\/wp-content\/uploads\/2026\/03\/pena-de-la-resistencia_boton-web.png","datePublished":"2026-03-03T20:46:14+00:00","dateModified":"2026-03-03T20:47:51+00:00","breadcrumb":{"@id":"https:\/\/bibliotecavigil.org.ar\/inicio\/pena-de-la-resistencia\/#breadcrumb"},"inLanguage":"es","potentialAction":[{"@type":"ReadAction","target":["https:\/\/bibliotecavigil.org.ar\/inicio\/pena-de-la-resistencia\/"]}]},{"@type":"ImageObject","inLanguage":"es","@id":"https:\/\/bibliotecavigil.org.ar\/inicio\/pena-de-la-resistencia\/#primaryimage","url":"https:\/\/bibliotecavigil.org.ar\/inicio\/wp-content\/uploads\/2026\/03\/pena-de-la-resistencia_boton-web.png","contentUrl":"https:\/\/bibliotecavigil.org.ar\/inicio\/wp-content\/uploads\/2026\/03\/pena-de-la-resistencia_boton-web.png","width":761,"height":478},{"@type":"BreadcrumbList","@id":"https:\/\/bibliotecavigil.org.ar\/inicio\/pena-de-la-resistencia\/#breadcrumb","itemListElement":[{"@type":"ListItem","position":1,"name":"Portada","item":"https:\/\/bibliotecavigil.org.ar\/inicio\/"},{"@type":"ListItem","position":2,"name":"Pe\u00f1a de la Resistencia"}]},{"@type":"WebSite","@id":"https:\/\/bibliotecavigil.org.ar\/inicio\/#website","url":"https:\/\/bibliotecavigil.org.ar\/inicio\/","name":"Biblioteca Vigil","description":"Biblioteca Popular C C Vigil","publisher":{"@id":"https:\/\/bibliotecavigil.org.ar\/inicio\/#organization"},"potentialAction":[{"@type":"SearchAction","target":{"@type":"EntryPoint","urlTemplate":"https:\/\/bibliotecavigil.org.ar\/inicio\/?s={search_term_string}"},"query-input":{"@type":"PropertyValueSpecification","valueRequired":true,"valueName":"search_term_string"}}],"inLanguage":"es"},{"@type":"Organization","@id":"https:\/\/bibliotecavigil.org.ar\/inicio\/#organization","name":"Biblioteca Popular C.C.Vigil","url":"https:\/\/bibliotecavigil.org.ar\/inicio\/","logo":{"@type":"ImageObject","inLanguage":"es","@id":"https:\/\/bibliotecavigil.org.ar\/inicio\/#\/schema\/logo\/image\/","url":"https:\/\/bibliotecavigil.org.ar\/inicio\/wp-content\/uploads\/2023\/06\/Logo-sin-texto-gif.gif","contentUrl":"https:\/\/bibliotecavigil.org.ar\/inicio\/wp-content\/uploads\/2023\/06\/Logo-sin-texto-gif.gif","width":1487,"height":1604,"caption":"Biblioteca Popular C.C.Vigil"},"image":{"@id":"https:\/\/bibliotecavigil.org.ar\/inicio\/#\/schema\/logo\/image\/"}},{"@type":"Person","@id":"https:\/\/bibliotecavigil.org.ar\/inicio\/#\/schema\/person\/98530bc117d5fa50c5dc01b4fd8d3700","name":"Biblioteca Vigil","image":{"@type":"ImageObject","inLanguage":"es","@id":"https:\/\/secure.gravatar.com\/avatar\/a96b6054dc4c80cde596e2c3f42d23e4f769e395116bf277fb508315b9d8a5c5?s=96&d=mm&r=g","url":"https:\/\/secure.gravatar.com\/avatar\/a96b6054dc4c80cde596e2c3f42d23e4f769e395116bf277fb508315b9d8a5c5?s=96&d=mm&r=g","contentUrl":"https:\/\/secure.gravatar.com\/avatar\/a96b6054dc4c80cde596e2c3f42d23e4f769e395116bf277fb508315b9d8a5c5?s=96&d=mm&r=g","caption":"Biblioteca Vigil"},"url":"https:\/\/bibliotecavigil.org.ar\/inicio\/author\/comunicacion\/"}]}},"_links":{"self":[{"href":"https:\/\/bibliotecavigil.org.ar\/inicio\/wp-json\/wp\/v2\/posts\/34190","targetHints":{"allow":["GET"]}}],"collection":[{"href":"https:\/\/bibliotecavigil.org.ar\/inicio\/wp-json\/wp\/v2\/posts"}],"about":[{"href":"https:\/\/bibliotecavigil.org.ar\/inicio\/wp-json\/wp\/v2\/types\/post"}],"author":[{"embeddable":true,"href":"https:\/\/bibliotecavigil.org.ar\/inicio\/wp-json\/wp\/v2\/users\/3"}],"replies":[{"embeddable":true,"href":"https:\/\/bibliotecavigil.org.ar\/inicio\/wp-json\/wp\/v2\/comments?post=34190"}],"version-history":[{"count":3,"href":"https:\/\/bibliotecavigil.org.ar\/inicio\/wp-json\/wp\/v2\/posts\/34190\/revisions"}],"predecessor-version":[{"id":34196,"href":"https:\/\/bibliotecavigil.org.ar\/inicio\/wp-json\/wp\/v2\/posts\/34190\/revisions\/34196"}],"wp:featuredmedia":[{"embeddable":true,"href":"https:\/\/bibliotecavigil.org.ar\/inicio\/wp-json\/wp\/v2\/media\/34192"}],"wp:attachment":[{"href":"https:\/\/bibliotecavigil.org.ar\/inicio\/wp-json\/wp\/v2\/media?parent=34190"}],"wp:term":[{"taxonomy":"category","embeddable":true,"href":"https:\/\/bibliotecavigil.org.ar\/inicio\/wp-json\/wp\/v2\/categories?post=34190"},{"taxonomy":"post_tag","embeddable":true,"href":"https:\/\/bibliotecavigil.org.ar\/inicio\/wp-json\/wp\/v2\/tags?post=34190"}],"curies":[{"name":"wp","href":"https:\/\/api.w.org\/{rel}","templated":true}]}}