{"id":34208,"date":"2026-03-10T19:28:29","date_gmt":"2026-03-10T22:28:29","guid":{"rendered":"https:\/\/bibliotecavigil.org.ar\/inicio\/?p=34208"},"modified":"2026-03-26T16:40:59","modified_gmt":"2026-03-26T19:40:59","slug":"talleres-para-ninxs-y-adolescentes-2026","status":"publish","type":"post","link":"https:\/\/bibliotecavigil.org.ar\/inicio\/talleres-para-ninxs-y-adolescentes-2026\/","title":{"rendered":"Talleres para ni\u00f1xs y adolescentes 2026"},"content":{"rendered":"\n<p>\u00a1Lleg\u00f3 la grilla de talleres para ni\u00f1xs 2026! Y con Talleres Nuevos!!!!&#x1f973; Para todxs lxs ni\u00f1xs de 3 a 12 a\u00f1os.<br><strong>Encontr\u00e1 la informaci\u00f3n y la descripci\u00f3n de cada taller en nuestra web:&nbsp;<strong>&#x1f449;<\/strong><\/strong>&nbsp;<strong><mark><a href=\"https:\/\/bibliotecavigil.org.ar\/inicio\/talleres\/\">TALLERES<\/a>&nbsp;<\/mark><\/strong><br><\/p>\n\n\n\n<p>\u25ba INSCRIPCI\u00d3N<\/p>\n\n\n\n<p>La inscripci\u00f3n a los talleres ser\u00e1 desde el mi\u00e9rcoles 18 de marzo, pero \u00a1Atenci\u00f3n! &#x1f447;&#x1f447;&#x1f447;<\/p>\n\n\n\n<p>&#x1f514; El primer d\u00eda (18 de marzo) ser\u00e1n exclusivamente de reinscripci\u00f3n para lxs ni\u00f1xs que ya ven\u00edan en 2025 al taller en el que se inscriben.<\/p>\n\n\n\n<p>&#x1f514; El d\u00eda 19 de marzo ser\u00e1n de inscripci\u00f3n exclusivamente para socixs con 3 meses de antig\u00fcedad y la cuota al d\u00eda.<\/p>\n\n\n\n<p>&#x1f514; A partir del viernes 20 de marzo se abre a la comunidad que desee asociarse e inscribirse. &#x1f3c3; &#x1f3c3; &#x1f3c3;<\/p>\n\n\n\n<p>&#x1f4dd; Las inscripciones son por orden de llegada y una vez completo el cupo de cada taller, se abrir\u00e1 una lista de espera.<\/p>\n\n\n\n<p>&#x1f4c6; Todos los talleres de ni\u00f1xs comienzan sus clases la semana del 6 de ABRIL.<\/p>\n\n\n\n<p>&#x1f45b; S\u00faper accesibles ($6.000 mensual + $1.500 de cuota social<\/p>\n\n\n\n<p>&#x2705; Para poder concurrir a los Talleres de La Vigil es necesario ser socix, con excepci\u00f3n del Taller de Ajedrez que corresponde al Programa Municipal de Ajedrez.<\/p>\n\n\n\n<p><br>\u25ba \u00bfC\u00f3mo me asocio?<\/p>\n\n\n\n<p>Acercate a Gaboto 450 de lunes a viernes de 14 a 20hs. tra\u00e9 una fotocopia de DNI y abon\u00e1 la cuota social mensual ($1500 menores de 18 a\u00f1os \/ $2000 mayores de 18 a\u00f1os). \u00a1Importante! Junto a lxs menores de edad, deber\u00e1 asociarse tambi\u00e9n un adultx referente.<\/p>\n\n\n\n<p>Record\u00e1 que siendo socix de La Vigil, tambi\u00e9n acced\u00e9s al pr\u00e9stamo de libros, entradas gratuitas al teatro, descuento en libros de la editorial, asesoramiento jur\u00eddico gratuito y red de beneficios!!!<\/p>\n\n\n\n<p>\u00a1Nos encontramos en La Vigil!<\/p>\n\n\n\n<figure class=\"wp-block-image size-large\"><a href=\"https:\/\/bibliotecavigil.org.ar\/inicio\/wp-content\/uploads\/2026\/03\/web-mail.png\"><img decoding=\"async\" width=\"724\" height=\"1024\" data-src=\"https:\/\/bibliotecavigil.org.ar\/inicio\/wp-content\/uploads\/2026\/03\/web-mail-724x1024.png\" alt=\"\" class=\"wp-image-34210 lazyload\" data-srcset=\"https:\/\/bibliotecavigil.org.ar\/inicio\/wp-content\/uploads\/2026\/03\/web-mail-724x1024.png 724w, https:\/\/bibliotecavigil.org.ar\/inicio\/wp-content\/uploads\/2026\/03\/web-mail-480x679.png 480w\" data-sizes=\"(min-width: 0px) and (max-width: 480px) 480px, (min-width: 481px) 724px, 100vw\" src=\"data:image\/svg+xml;base64,PHN2ZyB3aWR0aD0iMSIgaGVpZ2h0PSIxIiB4bWxucz0iaHR0cDovL3d3dy53My5vcmcvMjAwMC9zdmciPjwvc3ZnPg==\" style=\"--smush-placeholder-width: 724px; --smush-placeholder-aspect-ratio: 724\/1024;\" \/><\/a><\/figure>\n","protected":false},"excerpt":{"rendered":"<p>\u00a1Lleg\u00f3 la grilla de talleres para ni\u00f1xs 2026! Y con Talleres Nuevos!!!!&#x1f973; Para todxs lxs ni\u00f1xs de 3 a 12 a\u00f1os.Encontr\u00e1 la informaci\u00f3n y la descripci\u00f3n de cada taller en nuestra web:&nbsp;&#x1f449;&nbsp;TALLERES&nbsp; \u25ba INSCRIPCI\u00d3N La inscripci\u00f3n a los talleres ser\u00e1 desde el mi\u00e9rcoles 18 de marzo, pero \u00a1Atenci\u00f3n! &#x1f447;&#x1f447;&#x1f447; &#x1f514; El primer d\u00eda (18 de [&hellip;]<\/p>\n","protected":false},"author":3,"featured_media":34212,"comment_status":"open","ping_status":"open","sticky":false,"template":"","format":"standard","meta":{"_et_pb_use_builder":"off","_et_pb_old_content":"","_et_gb_content_width":"1920","footnotes":""},"categories":[1],"tags":[],"class_list":["post-34208","post","type-post","status-publish","format-standard","has-post-thumbnail","hentry","category-sin-categoria"],"yoast_head":"<!-- This site is optimized with the Yoast SEO plugin v27.5 - https:\/\/yoast.com\/product\/yoast-seo-wordpress\/ -->\n<title>Talleres para ni\u00f1xs y adolescentes 2026 - Biblioteca Vigil<\/title>\n<meta name=\"robots\" content=\"index, follow, max-snippet:-1, max-image-preview:large, max-video-preview:-1\" \/>\n<link rel=\"canonical\" href=\"https:\/\/bibliotecavigil.org.ar\/inicio\/talleres-para-ninxs-y-adolescentes-2026\/\" \/>\n<meta property=\"og:locale\" content=\"es_ES\" \/>\n<meta property=\"og:type\" content=\"article\" \/>\n<meta property=\"og:title\" content=\"Talleres para ni\u00f1xs y adolescentes 2026 - Biblioteca Vigil\" \/>\n<meta property=\"og:description\" content=\"\u00a1Lleg\u00f3 la grilla de talleres para ni\u00f1xs 2026! Y con Talleres Nuevos!!!!&#x1f973; Para todxs lxs ni\u00f1xs de 3 a 12 a\u00f1os.Encontr\u00e1 la informaci\u00f3n y la descripci\u00f3n de cada taller en nuestra web:&nbsp;&#x1f449;&nbsp;TALLERES&nbsp; \u25ba INSCRIPCI\u00d3N La inscripci\u00f3n a los talleres ser\u00e1 desde el mi\u00e9rcoles 18 de marzo, pero \u00a1Atenci\u00f3n! &#x1f447;&#x1f447;&#x1f447; &#x1f514; El primer d\u00eda (18 de [&hellip;]\" \/>\n<meta property=\"og:url\" content=\"https:\/\/bibliotecavigil.org.ar\/inicio\/talleres-para-ninxs-y-adolescentes-2026\/\" \/>\n<meta property=\"og:site_name\" content=\"Biblioteca Vigil\" \/>\n<meta property=\"article:published_time\" content=\"2026-03-10T22:28:29+00:00\" \/>\n<meta property=\"article:modified_time\" content=\"2026-03-26T19:40:59+00:00\" \/>\n<meta property=\"og:image\" content=\"https:\/\/bibliotecavigil.org.ar\/inicio\/wp-content\/uploads\/2026\/03\/boton-web.png\" \/>\n\t<meta property=\"og:image:width\" content=\"761\" \/>\n\t<meta property=\"og:image:height\" content=\"478\" \/>\n\t<meta property=\"og:image:type\" content=\"image\/png\" \/>\n<meta name=\"author\" content=\"Biblioteca Vigil\" \/>\n<meta name=\"twitter:card\" content=\"summary_large_image\" \/>\n<meta name=\"twitter:label1\" content=\"Escrito por\" \/>\n\t<meta name=\"twitter:data1\" content=\"Biblioteca Vigil\" \/>\n\t<meta name=\"twitter:label2\" content=\"Tiempo de lectura\" \/>\n\t<meta name=\"twitter:data2\" content=\"2 minutos\" \/>\n<script type=\"application\/ld+json\" class=\"yoast-schema-graph\">{\"@context\":\"https:\\\/\\\/schema.org\",\"@graph\":[{\"@type\":\"Article\",\"@id\":\"https:\\\/\\\/bibliotecavigil.org.ar\\\/inicio\\\/talleres-para-ninxs-y-adolescentes-2026\\\/#article\",\"isPartOf\":{\"@id\":\"https:\\\/\\\/bibliotecavigil.org.ar\\\/inicio\\\/talleres-para-ninxs-y-adolescentes-2026\\\/\"},\"author\":{\"name\":\"Biblioteca Vigil\",\"@id\":\"https:\\\/\\\/bibliotecavigil.org.ar\\\/inicio\\\/#\\\/schema\\\/person\\\/98530bc117d5fa50c5dc01b4fd8d3700\"},\"headline\":\"Talleres para ni\u00f1xs y adolescentes 2026\",\"datePublished\":\"2026-03-10T22:28:29+00:00\",\"dateModified\":\"2026-03-26T19:40:59+00:00\",\"mainEntityOfPage\":{\"@id\":\"https:\\\/\\\/bibliotecavigil.org.ar\\\/inicio\\\/talleres-para-ninxs-y-adolescentes-2026\\\/\"},\"wordCount\":322,\"commentCount\":6,\"publisher\":{\"@id\":\"https:\\\/\\\/bibliotecavigil.org.ar\\\/inicio\\\/#organization\"},\"image\":{\"@id\":\"https:\\\/\\\/bibliotecavigil.org.ar\\\/inicio\\\/talleres-para-ninxs-y-adolescentes-2026\\\/#primaryimage\"},\"thumbnailUrl\":\"https:\\\/\\\/bibliotecavigil.org.ar\\\/inicio\\\/wp-content\\\/uploads\\\/2026\\\/03\\\/boton-web.png\",\"inLanguage\":\"es\",\"potentialAction\":[{\"@type\":\"CommentAction\",\"name\":\"Comment\",\"target\":[\"https:\\\/\\\/bibliotecavigil.org.ar\\\/inicio\\\/talleres-para-ninxs-y-adolescentes-2026\\\/#respond\"]}]},{\"@type\":\"WebPage\",\"@id\":\"https:\\\/\\\/bibliotecavigil.org.ar\\\/inicio\\\/talleres-para-ninxs-y-adolescentes-2026\\\/\",\"url\":\"https:\\\/\\\/bibliotecavigil.org.ar\\\/inicio\\\/talleres-para-ninxs-y-adolescentes-2026\\\/\",\"name\":\"Talleres para ni\u00f1xs y adolescentes 2026 - Biblioteca Vigil\",\"isPartOf\":{\"@id\":\"https:\\\/\\\/bibliotecavigil.org.ar\\\/inicio\\\/#website\"},\"primaryImageOfPage\":{\"@id\":\"https:\\\/\\\/bibliotecavigil.org.ar\\\/inicio\\\/talleres-para-ninxs-y-adolescentes-2026\\\/#primaryimage\"},\"image\":{\"@id\":\"https:\\\/\\\/bibliotecavigil.org.ar\\\/inicio\\\/talleres-para-ninxs-y-adolescentes-2026\\\/#primaryimage\"},\"thumbnailUrl\":\"https:\\\/\\\/bibliotecavigil.org.ar\\\/inicio\\\/wp-content\\\/uploads\\\/2026\\\/03\\\/boton-web.png\",\"datePublished\":\"2026-03-10T22:28:29+00:00\",\"dateModified\":\"2026-03-26T19:40:59+00:00\",\"breadcrumb\":{\"@id\":\"https:\\\/\\\/bibliotecavigil.org.ar\\\/inicio\\\/talleres-para-ninxs-y-adolescentes-2026\\\/#breadcrumb\"},\"inLanguage\":\"es\",\"potentialAction\":[{\"@type\":\"ReadAction\",\"target\":[\"https:\\\/\\\/bibliotecavigil.org.ar\\\/inicio\\\/talleres-para-ninxs-y-adolescentes-2026\\\/\"]}]},{\"@type\":\"ImageObject\",\"inLanguage\":\"es\",\"@id\":\"https:\\\/\\\/bibliotecavigil.org.ar\\\/inicio\\\/talleres-para-ninxs-y-adolescentes-2026\\\/#primaryimage\",\"url\":\"https:\\\/\\\/bibliotecavigil.org.ar\\\/inicio\\\/wp-content\\\/uploads\\\/2026\\\/03\\\/boton-web.png\",\"contentUrl\":\"https:\\\/\\\/bibliotecavigil.org.ar\\\/inicio\\\/wp-content\\\/uploads\\\/2026\\\/03\\\/boton-web.png\",\"width\":761,\"height\":478},{\"@type\":\"BreadcrumbList\",\"@id\":\"https:\\\/\\\/bibliotecavigil.org.ar\\\/inicio\\\/talleres-para-ninxs-y-adolescentes-2026\\\/#breadcrumb\",\"itemListElement\":[{\"@type\":\"ListItem\",\"position\":1,\"name\":\"Portada\",\"item\":\"https:\\\/\\\/bibliotecavigil.org.ar\\\/inicio\\\/\"},{\"@type\":\"ListItem\",\"position\":2,\"name\":\"Talleres para ni\u00f1xs y adolescentes 2026\"}]},{\"@type\":\"WebSite\",\"@id\":\"https:\\\/\\\/bibliotecavigil.org.ar\\\/inicio\\\/#website\",\"url\":\"https:\\\/\\\/bibliotecavigil.org.ar\\\/inicio\\\/\",\"name\":\"Biblioteca Vigil\",\"description\":\"Biblioteca Popular C C Vigil\",\"publisher\":{\"@id\":\"https:\\\/\\\/bibliotecavigil.org.ar\\\/inicio\\\/#organization\"},\"potentialAction\":[{\"@type\":\"SearchAction\",\"target\":{\"@type\":\"EntryPoint\",\"urlTemplate\":\"https:\\\/\\\/bibliotecavigil.org.ar\\\/inicio\\\/?s={search_term_string}\"},\"query-input\":{\"@type\":\"PropertyValueSpecification\",\"valueRequired\":true,\"valueName\":\"search_term_string\"}}],\"inLanguage\":\"es\"},{\"@type\":\"Organization\",\"@id\":\"https:\\\/\\\/bibliotecavigil.org.ar\\\/inicio\\\/#organization\",\"name\":\"Biblioteca Popular C.C.Vigil\",\"url\":\"https:\\\/\\\/bibliotecavigil.org.ar\\\/inicio\\\/\",\"logo\":{\"@type\":\"ImageObject\",\"inLanguage\":\"es\",\"@id\":\"https:\\\/\\\/bibliotecavigil.org.ar\\\/inicio\\\/#\\\/schema\\\/logo\\\/image\\\/\",\"url\":\"https:\\\/\\\/bibliotecavigil.org.ar\\\/inicio\\\/wp-content\\\/uploads\\\/2023\\\/06\\\/Logo-sin-texto-gif.gif\",\"contentUrl\":\"https:\\\/\\\/bibliotecavigil.org.ar\\\/inicio\\\/wp-content\\\/uploads\\\/2023\\\/06\\\/Logo-sin-texto-gif.gif\",\"width\":1487,\"height\":1604,\"caption\":\"Biblioteca Popular C.C.Vigil\"},\"image\":{\"@id\":\"https:\\\/\\\/bibliotecavigil.org.ar\\\/inicio\\\/#\\\/schema\\\/logo\\\/image\\\/\"}},{\"@type\":\"Person\",\"@id\":\"https:\\\/\\\/bibliotecavigil.org.ar\\\/inicio\\\/#\\\/schema\\\/person\\\/98530bc117d5fa50c5dc01b4fd8d3700\",\"name\":\"Biblioteca Vigil\",\"image\":{\"@type\":\"ImageObject\",\"inLanguage\":\"es\",\"@id\":\"https:\\\/\\\/secure.gravatar.com\\\/avatar\\\/a96b6054dc4c80cde596e2c3f42d23e4f769e395116bf277fb508315b9d8a5c5?s=96&d=mm&r=g\",\"url\":\"https:\\\/\\\/secure.gravatar.com\\\/avatar\\\/a96b6054dc4c80cde596e2c3f42d23e4f769e395116bf277fb508315b9d8a5c5?s=96&d=mm&r=g\",\"contentUrl\":\"https:\\\/\\\/secure.gravatar.com\\\/avatar\\\/a96b6054dc4c80cde596e2c3f42d23e4f769e395116bf277fb508315b9d8a5c5?s=96&d=mm&r=g\",\"caption\":\"Biblioteca Vigil\"},\"url\":\"https:\\\/\\\/bibliotecavigil.org.ar\\\/inicio\\\/author\\\/comunicacion\\\/\"}]}<\/script>\n<!-- \/ Yoast SEO plugin. -->","yoast_head_json":{"title":"Talleres para ni\u00f1xs y adolescentes 2026 - Biblioteca Vigil","robots":{"index":"index","follow":"follow","max-snippet":"max-snippet:-1","max-image-preview":"max-image-preview:large","max-video-preview":"max-video-preview:-1"},"canonical":"https:\/\/bibliotecavigil.org.ar\/inicio\/talleres-para-ninxs-y-adolescentes-2026\/","og_locale":"es_ES","og_type":"article","og_title":"Talleres para ni\u00f1xs y adolescentes 2026 - Biblioteca Vigil","og_description":"\u00a1Lleg\u00f3 la grilla de talleres para ni\u00f1xs 2026! Y con Talleres Nuevos!!!!&#x1f973; Para todxs lxs ni\u00f1xs de 3 a 12 a\u00f1os.Encontr\u00e1 la informaci\u00f3n y la descripci\u00f3n de cada taller en nuestra web:&nbsp;&#x1f449;&nbsp;TALLERES&nbsp; \u25ba INSCRIPCI\u00d3N La inscripci\u00f3n a los talleres ser\u00e1 desde el mi\u00e9rcoles 18 de marzo, pero \u00a1Atenci\u00f3n! &#x1f447;&#x1f447;&#x1f447; &#x1f514; El primer d\u00eda (18 de [&hellip;]","og_url":"https:\/\/bibliotecavigil.org.ar\/inicio\/talleres-para-ninxs-y-adolescentes-2026\/","og_site_name":"Biblioteca Vigil","article_published_time":"2026-03-10T22:28:29+00:00","article_modified_time":"2026-03-26T19:40:59+00:00","og_image":[{"width":761,"height":478,"url":"https:\/\/bibliotecavigil.org.ar\/inicio\/wp-content\/uploads\/2026\/03\/boton-web.png","type":"image\/png"}],"author":"Biblioteca Vigil","twitter_card":"summary_large_image","twitter_misc":{"Escrito por":"Biblioteca Vigil","Tiempo de lectura":"2 minutos"},"schema":{"@context":"https:\/\/schema.org","@graph":[{"@type":"Article","@id":"https:\/\/bibliotecavigil.org.ar\/inicio\/talleres-para-ninxs-y-adolescentes-2026\/#article","isPartOf":{"@id":"https:\/\/bibliotecavigil.org.ar\/inicio\/talleres-para-ninxs-y-adolescentes-2026\/"},"author":{"name":"Biblioteca Vigil","@id":"https:\/\/bibliotecavigil.org.ar\/inicio\/#\/schema\/person\/98530bc117d5fa50c5dc01b4fd8d3700"},"headline":"Talleres para ni\u00f1xs y adolescentes 2026","datePublished":"2026-03-10T22:28:29+00:00","dateModified":"2026-03-26T19:40:59+00:00","mainEntityOfPage":{"@id":"https:\/\/bibliotecavigil.org.ar\/inicio\/talleres-para-ninxs-y-adolescentes-2026\/"},"wordCount":322,"commentCount":6,"publisher":{"@id":"https:\/\/bibliotecavigil.org.ar\/inicio\/#organization"},"image":{"@id":"https:\/\/bibliotecavigil.org.ar\/inicio\/talleres-para-ninxs-y-adolescentes-2026\/#primaryimage"},"thumbnailUrl":"https:\/\/bibliotecavigil.org.ar\/inicio\/wp-content\/uploads\/2026\/03\/boton-web.png","inLanguage":"es","potentialAction":[{"@type":"CommentAction","name":"Comment","target":["https:\/\/bibliotecavigil.org.ar\/inicio\/talleres-para-ninxs-y-adolescentes-2026\/#respond"]}]},{"@type":"WebPage","@id":"https:\/\/bibliotecavigil.org.ar\/inicio\/talleres-para-ninxs-y-adolescentes-2026\/","url":"https:\/\/bibliotecavigil.org.ar\/inicio\/talleres-para-ninxs-y-adolescentes-2026\/","name":"Talleres para ni\u00f1xs y adolescentes 2026 - Biblioteca Vigil","isPartOf":{"@id":"https:\/\/bibliotecavigil.org.ar\/inicio\/#website"},"primaryImageOfPage":{"@id":"https:\/\/bibliotecavigil.org.ar\/inicio\/talleres-para-ninxs-y-adolescentes-2026\/#primaryimage"},"image":{"@id":"https:\/\/bibliotecavigil.org.ar\/inicio\/talleres-para-ninxs-y-adolescentes-2026\/#primaryimage"},"thumbnailUrl":"https:\/\/bibliotecavigil.org.ar\/inicio\/wp-content\/uploads\/2026\/03\/boton-web.png","datePublished":"2026-03-10T22:28:29+00:00","dateModified":"2026-03-26T19:40:59+00:00","breadcrumb":{"@id":"https:\/\/bibliotecavigil.org.ar\/inicio\/talleres-para-ninxs-y-adolescentes-2026\/#breadcrumb"},"inLanguage":"es","potentialAction":[{"@type":"ReadAction","target":["https:\/\/bibliotecavigil.org.ar\/inicio\/talleres-para-ninxs-y-adolescentes-2026\/"]}]},{"@type":"ImageObject","inLanguage":"es","@id":"https:\/\/bibliotecavigil.org.ar\/inicio\/talleres-para-ninxs-y-adolescentes-2026\/#primaryimage","url":"https:\/\/bibliotecavigil.org.ar\/inicio\/wp-content\/uploads\/2026\/03\/boton-web.png","contentUrl":"https:\/\/bibliotecavigil.org.ar\/inicio\/wp-content\/uploads\/2026\/03\/boton-web.png","width":761,"height":478},{"@type":"BreadcrumbList","@id":"https:\/\/bibliotecavigil.org.ar\/inicio\/talleres-para-ninxs-y-adolescentes-2026\/#breadcrumb","itemListElement":[{"@type":"ListItem","position":1,"name":"Portada","item":"https:\/\/bibliotecavigil.org.ar\/inicio\/"},{"@type":"ListItem","position":2,"name":"Talleres para ni\u00f1xs y adolescentes 2026"}]},{"@type":"WebSite","@id":"https:\/\/bibliotecavigil.org.ar\/inicio\/#website","url":"https:\/\/bibliotecavigil.org.ar\/inicio\/","name":"Biblioteca Vigil","description":"Biblioteca Popular C C Vigil","publisher":{"@id":"https:\/\/bibliotecavigil.org.ar\/inicio\/#organization"},"potentialAction":[{"@type":"SearchAction","target":{"@type":"EntryPoint","urlTemplate":"https:\/\/bibliotecavigil.org.ar\/inicio\/?s={search_term_string}"},"query-input":{"@type":"PropertyValueSpecification","valueRequired":true,"valueName":"search_term_string"}}],"inLanguage":"es"},{"@type":"Organization","@id":"https:\/\/bibliotecavigil.org.ar\/inicio\/#organization","name":"Biblioteca Popular C.C.Vigil","url":"https:\/\/bibliotecavigil.org.ar\/inicio\/","logo":{"@type":"ImageObject","inLanguage":"es","@id":"https:\/\/bibliotecavigil.org.ar\/inicio\/#\/schema\/logo\/image\/","url":"https:\/\/bibliotecavigil.org.ar\/inicio\/wp-content\/uploads\/2023\/06\/Logo-sin-texto-gif.gif","contentUrl":"https:\/\/bibliotecavigil.org.ar\/inicio\/wp-content\/uploads\/2023\/06\/Logo-sin-texto-gif.gif","width":1487,"height":1604,"caption":"Biblioteca Popular C.C.Vigil"},"image":{"@id":"https:\/\/bibliotecavigil.org.ar\/inicio\/#\/schema\/logo\/image\/"}},{"@type":"Person","@id":"https:\/\/bibliotecavigil.org.ar\/inicio\/#\/schema\/person\/98530bc117d5fa50c5dc01b4fd8d3700","name":"Biblioteca Vigil","image":{"@type":"ImageObject","inLanguage":"es","@id":"https:\/\/secure.gravatar.com\/avatar\/a96b6054dc4c80cde596e2c3f42d23e4f769e395116bf277fb508315b9d8a5c5?s=96&d=mm&r=g","url":"https:\/\/secure.gravatar.com\/avatar\/a96b6054dc4c80cde596e2c3f42d23e4f769e395116bf277fb508315b9d8a5c5?s=96&d=mm&r=g","contentUrl":"https:\/\/secure.gravatar.com\/avatar\/a96b6054dc4c80cde596e2c3f42d23e4f769e395116bf277fb508315b9d8a5c5?s=96&d=mm&r=g","caption":"Biblioteca Vigil"},"url":"https:\/\/bibliotecavigil.org.ar\/inicio\/author\/comunicacion\/"}]}},"_links":{"self":[{"href":"https:\/\/bibliotecavigil.org.ar\/inicio\/wp-json\/wp\/v2\/posts\/34208","targetHints":{"allow":["GET"]}}],"collection":[{"href":"https:\/\/bibliotecavigil.org.ar\/inicio\/wp-json\/wp\/v2\/posts"}],"about":[{"href":"https:\/\/bibliotecavigil.org.ar\/inicio\/wp-json\/wp\/v2\/types\/post"}],"author":[{"embeddable":true,"href":"https:\/\/bibliotecavigil.org.ar\/inicio\/wp-json\/wp\/v2\/users\/3"}],"replies":[{"embeddable":true,"href":"https:\/\/bibliotecavigil.org.ar\/inicio\/wp-json\/wp\/v2\/comments?post=34208"}],"version-history":[{"count":4,"href":"https:\/\/bibliotecavigil.org.ar\/inicio\/wp-json\/wp\/v2\/posts\/34208\/revisions"}],"predecessor-version":[{"id":34236,"href":"https:\/\/bibliotecavigil.org.ar\/inicio\/wp-json\/wp\/v2\/posts\/34208\/revisions\/34236"}],"wp:featuredmedia":[{"embeddable":true,"href":"https:\/\/bibliotecavigil.org.ar\/inicio\/wp-json\/wp\/v2\/media\/34212"}],"wp:attachment":[{"href":"https:\/\/bibliotecavigil.org.ar\/inicio\/wp-json\/wp\/v2\/media?parent=34208"}],"wp:term":[{"taxonomy":"category","embeddable":true,"href":"https:\/\/bibliotecavigil.org.ar\/inicio\/wp-json\/wp\/v2\/categories?post=34208"},{"taxonomy":"post_tag","embeddable":true,"href":"https:\/\/bibliotecavigil.org.ar\/inicio\/wp-json\/wp\/v2\/tags?post=34208"}],"curies":[{"name":"wp","href":"https:\/\/api.w.org\/{rel}","templated":true}]}}