{"id":34417,"date":"2026-04-28T15:16:47","date_gmt":"2026-04-28T18:16:47","guid":{"rendered":"https:\/\/bibliotecavigil.org.ar\/inicio\/?p=34417"},"modified":"2026-04-28T19:55:14","modified_gmt":"2026-04-28T22:55:14","slug":"mayo-en-el-teatro-vigil-2","status":"publish","type":"post","link":"https:\/\/bibliotecavigil.org.ar\/inicio\/mayo-en-el-teatro-vigil-2\/","title":{"rendered":"MAYO en el Teatro Vigil"},"content":{"rendered":"\n<p>MAYO a puro teatro en La Vigil &#x1f37f;&#x1f4e3;<br>Este mes se presentan 4 obras imperdibles:<\/p>\n\n\n\n<p>\u25ac8\/5 20.30h \u201cEl Ingl\u00e9s\u201d<br>&#x1f3ad; Propone una relectura profundamente teatral de las Invasiones Inglesas de 1806, abordadas desde una perspectiva po\u00e9tica, pol\u00edtica y contempor\u00e1nea. A lo largo de 60 minutos, un solo actor encarna m\u00faltiples personajes, reconstruyendo el nacimiento de una conciencia colectiva que marcar\u00eda el rumbo de nuestra historia.<br>&#x1f39f;&#xfe0f; Socixs gratis | General $15.000 | Anticipadas $12.000 | Sindicatos $10.000<br>&#x1f4f2; Reservas: 3413000421<\/p>\n\n\n\n<p>\u25ac9\/5 21h \u201cComando Geronte\u201d<br>Violeta y Gerardo, una pareja en la recta final de sus vidas, se enfrentan a un dilema: sostener y resignarse o patear el tablero y salir de contragolpe. Miguel Franchi, dirige a los talentosos Evangelina Bruno y Tito G\u00f3mez, con asistencia de direcci\u00f3n de Soledad Hern\u00e1ndez.<br>&#x1f39f;&#xfe0f; Socixs gratis | General $15.000 | Estudiantes, jubiladxs y sindicatos $10.000<br>&#x1f4f2; Reservas: 341 5033470<\/p>\n\n\n\n<p>\u25ac29\/5 20.30h \u201cEl Diablo y El Miseria\u201d<br>El herrero, Miseria, hizo un pacto con el Diablo para obtener riqueza y juventud, pero, el tiempo de pagar con su alma ha llegado. Obra de Teatro inspirada en el cap\u00edtulo 21 de Don Segundo Sombra de G\u00fciraldes. Una historia que revive el humor y la tradici\u00f3n de la vida gauchesca.<br>&#x1f39f;&#xfe0f; Socixs gratis | General $15.000 | Anticipadas $12.000 o 2 x $20.000<br>&#x1f4f2; Reservas: 3416875071<\/p>\n\n\n\n<p>\u25ac31\/5 20.30h \u201cDesh\u00e1bita\u201d<\/p>\n\n\n\n<p>Esta obra de circo contempor\u00e1neo transita entre estados fracturados, donde instantes en apariencia desconectados chocan, se rompen y estallan en irrupciones inesperadas. Lo absurdo y lo impune se reflejan, mientras lo brutal busca, entre reacciones, su propia belleza. Es la primer producci\u00f3n del elenco del Trayecto de Residencia art\u00edstica de la EMAU 2025.<br>&#x1f39f;&#xfe0f; Socixs gratis | General $15.000 | Anticipadas $12.000 | Jubiladxs y estudiantes 2X1<br>&#x1f4f2; Reservas: 3412521539<\/p>\n\n\n\n<p>Agenda la cartelera de mayo y venite al &#x1f4cd;Teatro Vigil (Alem 3086)<\/p>\n\n\n\n<figure class=\"wp-block-image size-large\"><a href=\"https:\/\/bibliotecavigil.org.ar\/inicio\/wp-content\/uploads\/2026\/04\/MAYO_a3.png\"><img decoding=\"async\" width=\"724\" height=\"1024\" data-src=\"https:\/\/bibliotecavigil.org.ar\/inicio\/wp-content\/uploads\/2026\/04\/MAYO_a3-724x1024.png\" alt=\"\" class=\"wp-image-34422 lazyload\" data-srcset=\"https:\/\/bibliotecavigil.org.ar\/inicio\/wp-content\/uploads\/2026\/04\/MAYO_a3-724x1024.png 724w, https:\/\/bibliotecavigil.org.ar\/inicio\/wp-content\/uploads\/2026\/04\/MAYO_a3-480x679.png 480w\" data-sizes=\"(min-width: 0px) and (max-width: 480px) 480px, (min-width: 481px) 724px, 100vw\" src=\"data:image\/svg+xml;base64,PHN2ZyB3aWR0aD0iMSIgaGVpZ2h0PSIxIiB4bWxucz0iaHR0cDovL3d3dy53My5vcmcvMjAwMC9zdmciPjwvc3ZnPg==\" style=\"--smush-placeholder-width: 724px; --smush-placeholder-aspect-ratio: 724\/1024;\" \/><\/a><\/figure>\n","protected":false},"excerpt":{"rendered":"<p>MAYO a puro teatro en La Vigil &#x1f37f;&#x1f4e3;Este mes se presentan 4 obras imperdibles: \u25ac8\/5 20.30h \u201cEl Ingl\u00e9s\u201d&#x1f3ad; Propone una relectura profundamente teatral de las Invasiones Inglesas de 1806, abordadas desde una perspectiva po\u00e9tica, pol\u00edtica y contempor\u00e1nea. A lo largo de 60 minutos, un solo actor encarna m\u00faltiples personajes, reconstruyendo el nacimiento de una conciencia [&hellip;]<\/p>\n","protected":false},"author":3,"featured_media":34419,"comment_status":"open","ping_status":"open","sticky":false,"template":"","format":"standard","meta":{"_et_pb_use_builder":"off","_et_pb_old_content":"","_et_gb_content_width":"1920","footnotes":""},"categories":[1],"tags":[],"class_list":["post-34417","post","type-post","status-publish","format-standard","has-post-thumbnail","hentry","category-sin-categoria"],"yoast_head":"<!-- This site is optimized with the Yoast SEO plugin v27.5 - https:\/\/yoast.com\/product\/yoast-seo-wordpress\/ -->\n<title>MAYO en el Teatro Vigil - Biblioteca Vigil<\/title>\n<meta name=\"robots\" content=\"index, follow, max-snippet:-1, max-image-preview:large, max-video-preview:-1\" \/>\n<link rel=\"canonical\" href=\"https:\/\/bibliotecavigil.org.ar\/inicio\/mayo-en-el-teatro-vigil-2\/\" \/>\n<meta property=\"og:locale\" content=\"es_ES\" \/>\n<meta property=\"og:type\" content=\"article\" \/>\n<meta property=\"og:title\" content=\"MAYO en el Teatro Vigil - Biblioteca Vigil\" \/>\n<meta property=\"og:description\" content=\"MAYO a puro teatro en La Vigil &#x1f37f;&#x1f4e3;Este mes se presentan 4 obras imperdibles: \u25ac8\/5 20.30h \u201cEl Ingl\u00e9s\u201d&#x1f3ad; Propone una relectura profundamente teatral de las Invasiones Inglesas de 1806, abordadas desde una perspectiva po\u00e9tica, pol\u00edtica y contempor\u00e1nea. A lo largo de 60 minutos, un solo actor encarna m\u00faltiples personajes, reconstruyendo el nacimiento de una conciencia [&hellip;]\" \/>\n<meta property=\"og:url\" content=\"https:\/\/bibliotecavigil.org.ar\/inicio\/mayo-en-el-teatro-vigil-2\/\" \/>\n<meta property=\"og:site_name\" content=\"Biblioteca Vigil\" \/>\n<meta property=\"article:published_time\" content=\"2026-04-28T18:16:47+00:00\" \/>\n<meta property=\"article:modified_time\" content=\"2026-04-28T22:55:14+00:00\" \/>\n<meta property=\"og:image\" content=\"https:\/\/bibliotecavigil.org.ar\/inicio\/wp-content\/uploads\/2026\/04\/NOTICIA-WEB-3.png\" \/>\n\t<meta property=\"og:image:width\" content=\"761\" \/>\n\t<meta property=\"og:image:height\" content=\"478\" \/>\n\t<meta property=\"og:image:type\" content=\"image\/png\" \/>\n<meta name=\"author\" content=\"Biblioteca Vigil\" \/>\n<meta name=\"twitter:card\" content=\"summary_large_image\" \/>\n<meta name=\"twitter:label1\" content=\"Escrito por\" \/>\n\t<meta name=\"twitter:data1\" content=\"Biblioteca Vigil\" \/>\n\t<meta name=\"twitter:label2\" content=\"Tiempo de lectura\" \/>\n\t<meta name=\"twitter:data2\" content=\"2 minutos\" \/>\n<script type=\"application\/ld+json\" class=\"yoast-schema-graph\">{\"@context\":\"https:\\\/\\\/schema.org\",\"@graph\":[{\"@type\":\"Article\",\"@id\":\"https:\\\/\\\/bibliotecavigil.org.ar\\\/inicio\\\/mayo-en-el-teatro-vigil-2\\\/#article\",\"isPartOf\":{\"@id\":\"https:\\\/\\\/bibliotecavigil.org.ar\\\/inicio\\\/mayo-en-el-teatro-vigil-2\\\/\"},\"author\":{\"name\":\"Biblioteca Vigil\",\"@id\":\"https:\\\/\\\/bibliotecavigil.org.ar\\\/inicio\\\/#\\\/schema\\\/person\\\/98530bc117d5fa50c5dc01b4fd8d3700\"},\"headline\":\"MAYO en el Teatro Vigil\",\"datePublished\":\"2026-04-28T18:16:47+00:00\",\"dateModified\":\"2026-04-28T22:55:14+00:00\",\"mainEntityOfPage\":{\"@id\":\"https:\\\/\\\/bibliotecavigil.org.ar\\\/inicio\\\/mayo-en-el-teatro-vigil-2\\\/\"},\"wordCount\":324,\"commentCount\":0,\"publisher\":{\"@id\":\"https:\\\/\\\/bibliotecavigil.org.ar\\\/inicio\\\/#organization\"},\"image\":{\"@id\":\"https:\\\/\\\/bibliotecavigil.org.ar\\\/inicio\\\/mayo-en-el-teatro-vigil-2\\\/#primaryimage\"},\"thumbnailUrl\":\"https:\\\/\\\/bibliotecavigil.org.ar\\\/inicio\\\/wp-content\\\/uploads\\\/2026\\\/04\\\/NOTICIA-WEB-3.png\",\"inLanguage\":\"es\",\"potentialAction\":[{\"@type\":\"CommentAction\",\"name\":\"Comment\",\"target\":[\"https:\\\/\\\/bibliotecavigil.org.ar\\\/inicio\\\/mayo-en-el-teatro-vigil-2\\\/#respond\"]}]},{\"@type\":\"WebPage\",\"@id\":\"https:\\\/\\\/bibliotecavigil.org.ar\\\/inicio\\\/mayo-en-el-teatro-vigil-2\\\/\",\"url\":\"https:\\\/\\\/bibliotecavigil.org.ar\\\/inicio\\\/mayo-en-el-teatro-vigil-2\\\/\",\"name\":\"MAYO en el Teatro Vigil - Biblioteca Vigil\",\"isPartOf\":{\"@id\":\"https:\\\/\\\/bibliotecavigil.org.ar\\\/inicio\\\/#website\"},\"primaryImageOfPage\":{\"@id\":\"https:\\\/\\\/bibliotecavigil.org.ar\\\/inicio\\\/mayo-en-el-teatro-vigil-2\\\/#primaryimage\"},\"image\":{\"@id\":\"https:\\\/\\\/bibliotecavigil.org.ar\\\/inicio\\\/mayo-en-el-teatro-vigil-2\\\/#primaryimage\"},\"thumbnailUrl\":\"https:\\\/\\\/bibliotecavigil.org.ar\\\/inicio\\\/wp-content\\\/uploads\\\/2026\\\/04\\\/NOTICIA-WEB-3.png\",\"datePublished\":\"2026-04-28T18:16:47+00:00\",\"dateModified\":\"2026-04-28T22:55:14+00:00\",\"breadcrumb\":{\"@id\":\"https:\\\/\\\/bibliotecavigil.org.ar\\\/inicio\\\/mayo-en-el-teatro-vigil-2\\\/#breadcrumb\"},\"inLanguage\":\"es\",\"potentialAction\":[{\"@type\":\"ReadAction\",\"target\":[\"https:\\\/\\\/bibliotecavigil.org.ar\\\/inicio\\\/mayo-en-el-teatro-vigil-2\\\/\"]}]},{\"@type\":\"ImageObject\",\"inLanguage\":\"es\",\"@id\":\"https:\\\/\\\/bibliotecavigil.org.ar\\\/inicio\\\/mayo-en-el-teatro-vigil-2\\\/#primaryimage\",\"url\":\"https:\\\/\\\/bibliotecavigil.org.ar\\\/inicio\\\/wp-content\\\/uploads\\\/2026\\\/04\\\/NOTICIA-WEB-3.png\",\"contentUrl\":\"https:\\\/\\\/bibliotecavigil.org.ar\\\/inicio\\\/wp-content\\\/uploads\\\/2026\\\/04\\\/NOTICIA-WEB-3.png\",\"width\":761,\"height\":478},{\"@type\":\"BreadcrumbList\",\"@id\":\"https:\\\/\\\/bibliotecavigil.org.ar\\\/inicio\\\/mayo-en-el-teatro-vigil-2\\\/#breadcrumb\",\"itemListElement\":[{\"@type\":\"ListItem\",\"position\":1,\"name\":\"Portada\",\"item\":\"https:\\\/\\\/bibliotecavigil.org.ar\\\/inicio\\\/\"},{\"@type\":\"ListItem\",\"position\":2,\"name\":\"MAYO en el Teatro Vigil\"}]},{\"@type\":\"WebSite\",\"@id\":\"https:\\\/\\\/bibliotecavigil.org.ar\\\/inicio\\\/#website\",\"url\":\"https:\\\/\\\/bibliotecavigil.org.ar\\\/inicio\\\/\",\"name\":\"Biblioteca Vigil\",\"description\":\"Biblioteca Popular C C Vigil\",\"publisher\":{\"@id\":\"https:\\\/\\\/bibliotecavigil.org.ar\\\/inicio\\\/#organization\"},\"potentialAction\":[{\"@type\":\"SearchAction\",\"target\":{\"@type\":\"EntryPoint\",\"urlTemplate\":\"https:\\\/\\\/bibliotecavigil.org.ar\\\/inicio\\\/?s={search_term_string}\"},\"query-input\":{\"@type\":\"PropertyValueSpecification\",\"valueRequired\":true,\"valueName\":\"search_term_string\"}}],\"inLanguage\":\"es\"},{\"@type\":\"Organization\",\"@id\":\"https:\\\/\\\/bibliotecavigil.org.ar\\\/inicio\\\/#organization\",\"name\":\"Biblioteca Popular C.C.Vigil\",\"url\":\"https:\\\/\\\/bibliotecavigil.org.ar\\\/inicio\\\/\",\"logo\":{\"@type\":\"ImageObject\",\"inLanguage\":\"es\",\"@id\":\"https:\\\/\\\/bibliotecavigil.org.ar\\\/inicio\\\/#\\\/schema\\\/logo\\\/image\\\/\",\"url\":\"https:\\\/\\\/bibliotecavigil.org.ar\\\/inicio\\\/wp-content\\\/uploads\\\/2023\\\/06\\\/Logo-sin-texto-gif.gif\",\"contentUrl\":\"https:\\\/\\\/bibliotecavigil.org.ar\\\/inicio\\\/wp-content\\\/uploads\\\/2023\\\/06\\\/Logo-sin-texto-gif.gif\",\"width\":1487,\"height\":1604,\"caption\":\"Biblioteca Popular C.C.Vigil\"},\"image\":{\"@id\":\"https:\\\/\\\/bibliotecavigil.org.ar\\\/inicio\\\/#\\\/schema\\\/logo\\\/image\\\/\"}},{\"@type\":\"Person\",\"@id\":\"https:\\\/\\\/bibliotecavigil.org.ar\\\/inicio\\\/#\\\/schema\\\/person\\\/98530bc117d5fa50c5dc01b4fd8d3700\",\"name\":\"Biblioteca Vigil\",\"image\":{\"@type\":\"ImageObject\",\"inLanguage\":\"es\",\"@id\":\"https:\\\/\\\/secure.gravatar.com\\\/avatar\\\/a96b6054dc4c80cde596e2c3f42d23e4f769e395116bf277fb508315b9d8a5c5?s=96&d=mm&r=g\",\"url\":\"https:\\\/\\\/secure.gravatar.com\\\/avatar\\\/a96b6054dc4c80cde596e2c3f42d23e4f769e395116bf277fb508315b9d8a5c5?s=96&d=mm&r=g\",\"contentUrl\":\"https:\\\/\\\/secure.gravatar.com\\\/avatar\\\/a96b6054dc4c80cde596e2c3f42d23e4f769e395116bf277fb508315b9d8a5c5?s=96&d=mm&r=g\",\"caption\":\"Biblioteca Vigil\"},\"url\":\"https:\\\/\\\/bibliotecavigil.org.ar\\\/inicio\\\/author\\\/comunicacion\\\/\"}]}<\/script>\n<!-- \/ Yoast SEO plugin. -->","yoast_head_json":{"title":"MAYO en el Teatro Vigil - Biblioteca Vigil","robots":{"index":"index","follow":"follow","max-snippet":"max-snippet:-1","max-image-preview":"max-image-preview:large","max-video-preview":"max-video-preview:-1"},"canonical":"https:\/\/bibliotecavigil.org.ar\/inicio\/mayo-en-el-teatro-vigil-2\/","og_locale":"es_ES","og_type":"article","og_title":"MAYO en el Teatro Vigil - Biblioteca Vigil","og_description":"MAYO a puro teatro en La Vigil &#x1f37f;&#x1f4e3;Este mes se presentan 4 obras imperdibles: \u25ac8\/5 20.30h \u201cEl Ingl\u00e9s\u201d&#x1f3ad; Propone una relectura profundamente teatral de las Invasiones Inglesas de 1806, abordadas desde una perspectiva po\u00e9tica, pol\u00edtica y contempor\u00e1nea. A lo largo de 60 minutos, un solo actor encarna m\u00faltiples personajes, reconstruyendo el nacimiento de una conciencia [&hellip;]","og_url":"https:\/\/bibliotecavigil.org.ar\/inicio\/mayo-en-el-teatro-vigil-2\/","og_site_name":"Biblioteca Vigil","article_published_time":"2026-04-28T18:16:47+00:00","article_modified_time":"2026-04-28T22:55:14+00:00","og_image":[{"width":761,"height":478,"url":"https:\/\/bibliotecavigil.org.ar\/inicio\/wp-content\/uploads\/2026\/04\/NOTICIA-WEB-3.png","type":"image\/png"}],"author":"Biblioteca Vigil","twitter_card":"summary_large_image","twitter_misc":{"Escrito por":"Biblioteca Vigil","Tiempo de lectura":"2 minutos"},"schema":{"@context":"https:\/\/schema.org","@graph":[{"@type":"Article","@id":"https:\/\/bibliotecavigil.org.ar\/inicio\/mayo-en-el-teatro-vigil-2\/#article","isPartOf":{"@id":"https:\/\/bibliotecavigil.org.ar\/inicio\/mayo-en-el-teatro-vigil-2\/"},"author":{"name":"Biblioteca Vigil","@id":"https:\/\/bibliotecavigil.org.ar\/inicio\/#\/schema\/person\/98530bc117d5fa50c5dc01b4fd8d3700"},"headline":"MAYO en el Teatro Vigil","datePublished":"2026-04-28T18:16:47+00:00","dateModified":"2026-04-28T22:55:14+00:00","mainEntityOfPage":{"@id":"https:\/\/bibliotecavigil.org.ar\/inicio\/mayo-en-el-teatro-vigil-2\/"},"wordCount":324,"commentCount":0,"publisher":{"@id":"https:\/\/bibliotecavigil.org.ar\/inicio\/#organization"},"image":{"@id":"https:\/\/bibliotecavigil.org.ar\/inicio\/mayo-en-el-teatro-vigil-2\/#primaryimage"},"thumbnailUrl":"https:\/\/bibliotecavigil.org.ar\/inicio\/wp-content\/uploads\/2026\/04\/NOTICIA-WEB-3.png","inLanguage":"es","potentialAction":[{"@type":"CommentAction","name":"Comment","target":["https:\/\/bibliotecavigil.org.ar\/inicio\/mayo-en-el-teatro-vigil-2\/#respond"]}]},{"@type":"WebPage","@id":"https:\/\/bibliotecavigil.org.ar\/inicio\/mayo-en-el-teatro-vigil-2\/","url":"https:\/\/bibliotecavigil.org.ar\/inicio\/mayo-en-el-teatro-vigil-2\/","name":"MAYO en el Teatro Vigil - Biblioteca Vigil","isPartOf":{"@id":"https:\/\/bibliotecavigil.org.ar\/inicio\/#website"},"primaryImageOfPage":{"@id":"https:\/\/bibliotecavigil.org.ar\/inicio\/mayo-en-el-teatro-vigil-2\/#primaryimage"},"image":{"@id":"https:\/\/bibliotecavigil.org.ar\/inicio\/mayo-en-el-teatro-vigil-2\/#primaryimage"},"thumbnailUrl":"https:\/\/bibliotecavigil.org.ar\/inicio\/wp-content\/uploads\/2026\/04\/NOTICIA-WEB-3.png","datePublished":"2026-04-28T18:16:47+00:00","dateModified":"2026-04-28T22:55:14+00:00","breadcrumb":{"@id":"https:\/\/bibliotecavigil.org.ar\/inicio\/mayo-en-el-teatro-vigil-2\/#breadcrumb"},"inLanguage":"es","potentialAction":[{"@type":"ReadAction","target":["https:\/\/bibliotecavigil.org.ar\/inicio\/mayo-en-el-teatro-vigil-2\/"]}]},{"@type":"ImageObject","inLanguage":"es","@id":"https:\/\/bibliotecavigil.org.ar\/inicio\/mayo-en-el-teatro-vigil-2\/#primaryimage","url":"https:\/\/bibliotecavigil.org.ar\/inicio\/wp-content\/uploads\/2026\/04\/NOTICIA-WEB-3.png","contentUrl":"https:\/\/bibliotecavigil.org.ar\/inicio\/wp-content\/uploads\/2026\/04\/NOTICIA-WEB-3.png","width":761,"height":478},{"@type":"BreadcrumbList","@id":"https:\/\/bibliotecavigil.org.ar\/inicio\/mayo-en-el-teatro-vigil-2\/#breadcrumb","itemListElement":[{"@type":"ListItem","position":1,"name":"Portada","item":"https:\/\/bibliotecavigil.org.ar\/inicio\/"},{"@type":"ListItem","position":2,"name":"MAYO en el Teatro Vigil"}]},{"@type":"WebSite","@id":"https:\/\/bibliotecavigil.org.ar\/inicio\/#website","url":"https:\/\/bibliotecavigil.org.ar\/inicio\/","name":"Biblioteca Vigil","description":"Biblioteca Popular C C Vigil","publisher":{"@id":"https:\/\/bibliotecavigil.org.ar\/inicio\/#organization"},"potentialAction":[{"@type":"SearchAction","target":{"@type":"EntryPoint","urlTemplate":"https:\/\/bibliotecavigil.org.ar\/inicio\/?s={search_term_string}"},"query-input":{"@type":"PropertyValueSpecification","valueRequired":true,"valueName":"search_term_string"}}],"inLanguage":"es"},{"@type":"Organization","@id":"https:\/\/bibliotecavigil.org.ar\/inicio\/#organization","name":"Biblioteca Popular C.C.Vigil","url":"https:\/\/bibliotecavigil.org.ar\/inicio\/","logo":{"@type":"ImageObject","inLanguage":"es","@id":"https:\/\/bibliotecavigil.org.ar\/inicio\/#\/schema\/logo\/image\/","url":"https:\/\/bibliotecavigil.org.ar\/inicio\/wp-content\/uploads\/2023\/06\/Logo-sin-texto-gif.gif","contentUrl":"https:\/\/bibliotecavigil.org.ar\/inicio\/wp-content\/uploads\/2023\/06\/Logo-sin-texto-gif.gif","width":1487,"height":1604,"caption":"Biblioteca Popular C.C.Vigil"},"image":{"@id":"https:\/\/bibliotecavigil.org.ar\/inicio\/#\/schema\/logo\/image\/"}},{"@type":"Person","@id":"https:\/\/bibliotecavigil.org.ar\/inicio\/#\/schema\/person\/98530bc117d5fa50c5dc01b4fd8d3700","name":"Biblioteca Vigil","image":{"@type":"ImageObject","inLanguage":"es","@id":"https:\/\/secure.gravatar.com\/avatar\/a96b6054dc4c80cde596e2c3f42d23e4f769e395116bf277fb508315b9d8a5c5?s=96&d=mm&r=g","url":"https:\/\/secure.gravatar.com\/avatar\/a96b6054dc4c80cde596e2c3f42d23e4f769e395116bf277fb508315b9d8a5c5?s=96&d=mm&r=g","contentUrl":"https:\/\/secure.gravatar.com\/avatar\/a96b6054dc4c80cde596e2c3f42d23e4f769e395116bf277fb508315b9d8a5c5?s=96&d=mm&r=g","caption":"Biblioteca Vigil"},"url":"https:\/\/bibliotecavigil.org.ar\/inicio\/author\/comunicacion\/"}]}},"_links":{"self":[{"href":"https:\/\/bibliotecavigil.org.ar\/inicio\/wp-json\/wp\/v2\/posts\/34417","targetHints":{"allow":["GET"]}}],"collection":[{"href":"https:\/\/bibliotecavigil.org.ar\/inicio\/wp-json\/wp\/v2\/posts"}],"about":[{"href":"https:\/\/bibliotecavigil.org.ar\/inicio\/wp-json\/wp\/v2\/types\/post"}],"author":[{"embeddable":true,"href":"https:\/\/bibliotecavigil.org.ar\/inicio\/wp-json\/wp\/v2\/users\/3"}],"replies":[{"embeddable":true,"href":"https:\/\/bibliotecavigil.org.ar\/inicio\/wp-json\/wp\/v2\/comments?post=34417"}],"version-history":[{"count":3,"href":"https:\/\/bibliotecavigil.org.ar\/inicio\/wp-json\/wp\/v2\/posts\/34417\/revisions"}],"predecessor-version":[{"id":34424,"href":"https:\/\/bibliotecavigil.org.ar\/inicio\/wp-json\/wp\/v2\/posts\/34417\/revisions\/34424"}],"wp:featuredmedia":[{"embeddable":true,"href":"https:\/\/bibliotecavigil.org.ar\/inicio\/wp-json\/wp\/v2\/media\/34419"}],"wp:attachment":[{"href":"https:\/\/bibliotecavigil.org.ar\/inicio\/wp-json\/wp\/v2\/media?parent=34417"}],"wp:term":[{"taxonomy":"category","embeddable":true,"href":"https:\/\/bibliotecavigil.org.ar\/inicio\/wp-json\/wp\/v2\/categories?post=34417"},{"taxonomy":"post_tag","embeddable":true,"href":"https:\/\/bibliotecavigil.org.ar\/inicio\/wp-json\/wp\/v2\/tags?post=34417"}],"curies":[{"name":"wp","href":"https:\/\/api.w.org\/{rel}","templated":true}]}}